{"id":469,"date":"2023-07-01T19:38:19","date_gmt":"2023-07-01T19:38:19","guid":{"rendered":"http:\/\/lagumex.mx\/index\/?p=469"},"modified":"2023-07-01T19:38:19","modified_gmt":"2023-07-01T19:38:19","slug":"los-guerreros-de-santos-laguna-presentan-a-sus-refuerzos","status":"publish","type":"post","link":"https:\/\/lagumex.mx\/index\/sports\/los-guerreros-de-santos-laguna-presentan-a-sus-refuerzos\/","title":{"rendered":"Los Guerreros de Santos Laguna presentan a sus refuerzos"},"content":{"rendered":"\n<h2 class=\"wp-block-heading\">El presidente del club se\u00f1ala que Carlos Acevedo estar\u00e1 4 meses inactivo, pues se recupera de la lesi\u00f3n<\/h2>\n\n\n\n<p>01 de julio de 2023. Este viernes fueron presentados los refuerzos que vendr\u00e1n a fortalecer al equipo Santos Laguna, se trata de Pedro Aquino, medio de contenci\u00f3n, el colombiano Duv\u00e1n Andr\u00e9s Vergara Hern\u00e1ndez, volante extremo; el cancerbero Santiago No\u00e9 Ram\u00edrez Acosta, Guardameta; y Alejandro G\u00f3mez, quien no estuvo presente porque se encuentra en los Juegos Centroamericanos y del Caribe.<\/p>\n\n\n\n<p>Para el presidente ejecutivo del club Dante la llegada de estos nuevos Guerreros lo deja satisfecho, \u201cConformamos este plantel tan serio, tan potente, nos sentimos bastante satisfechos de los refuerzos que logramos traer\u201d.<\/p>\n\n\n\n<p>&nbsp;\u201cA todos los padecimos como rivales, en todos encontramos este gel guerrero, este ADN de lucha, de identificaci\u00f3n con el esfuerzo. Para nosotros es un orgullo presentarlos y darles la bienvenida y decirles que llegaron a la casa del dolor ajeno, a una regi\u00f3n bendita, donde nos gusta luchar y entregarnos\u201d.<\/p>\n\n\n\n<p>Por su parte, Pablo Repetto apunt\u00f3 \u201cLa ilusi\u00f3n nuestra es la misma que tienen los jugadores, los directivos y sus hinchas. Sabemos que tenemos una gran responsabilidad en este 40 aniversario, en esta doble competencia que se nos viene. Estamos dispuestos a dejar todo, estamos listos para la competencia\u201d.<\/p>\n","protected":false},"excerpt":{"rendered":"<p>El presidente del club se\u00f1ala que Carlos Acevedo estar\u00e1 4 meses inactivo, pues se recupera de la lesi\u00f3n 01 de julio de 2023. Este viernes fueron presentados los refuerzos que vendr\u00e1n a fortalecer al equipo Santos Laguna, se trata de Pedro Aquino, medio de contenci\u00f3n, el colombiano Duv\u00e1n Andr\u00e9s Vergara Hern\u00e1ndez, volante extremo; el cancerbero&#8230;<\/p>\n","protected":false},"author":1,"featured_media":470,"comment_status":"open","ping_status":"open","sticky":false,"template":"","format":"standard","meta":{"footnotes":""},"categories":[4],"tags":[],"class_list":["post-469","post","type-post","status-publish","format-standard","has-post-thumbnail","hentry","category-sports"],"_links":{"self":[{"href":"https:\/\/lagumex.mx\/index\/wp-json\/wp\/v2\/posts\/469","targetHints":{"allow":["GET"]}}],"collection":[{"href":"https:\/\/lagumex.mx\/index\/wp-json\/wp\/v2\/posts"}],"about":[{"href":"https:\/\/lagumex.mx\/index\/wp-json\/wp\/v2\/types\/post"}],"author":[{"embeddable":true,"href":"https:\/\/lagumex.mx\/index\/wp-json\/wp\/v2\/users\/1"}],"replies":[{"embeddable":true,"href":"https:\/\/lagumex.mx\/index\/wp-json\/wp\/v2\/comments?post=469"}],"version-history":[{"count":1,"href":"https:\/\/lagumex.mx\/index\/wp-json\/wp\/v2\/posts\/469\/revisions"}],"predecessor-version":[{"id":471,"href":"https:\/\/lagumex.mx\/index\/wp-json\/wp\/v2\/posts\/469\/revisions\/471"}],"wp:featuredmedia":[{"embeddable":true,"href":"https:\/\/lagumex.mx\/index\/wp-json\/wp\/v2\/media\/470"}],"wp:attachment":[{"href":"https:\/\/lagumex.mx\/index\/wp-json\/wp\/v2\/media?parent=469"}],"wp:term":[{"taxonomy":"category","embeddable":true,"href":"https:\/\/lagumex.mx\/index\/wp-json\/wp\/v2\/categories?post=469"},{"taxonomy":"post_tag","embeddable":true,"href":"https:\/\/lagumex.mx\/index\/wp-json\/wp\/v2\/tags?post=469"}],"curies":[{"name":"wp","href":"https:\/\/api.w.org\/{rel}","templated":true}]}}