{"id":4683,"date":"2026-04-05T00:25:32","date_gmt":"2026-04-05T00:25:32","guid":{"rendered":"https:\/\/lagumex.mx\/index\/?p=4683"},"modified":"2026-04-06T00:29:10","modified_gmt":"2026-04-06T00:29:10","slug":"avanza-propuesta-de-reconversion-al-cultivo-de-frijol-en-la-laguna","status":"publish","type":"post","link":"https:\/\/lagumex.mx\/index\/lerdo\/avanza-propuesta-de-reconversion-al-cultivo-de-frijol-en-la-laguna\/","title":{"rendered":"Avanza propuesta de reconversi\u00f3n al cultivo de frijol en La Laguna"},"content":{"rendered":"\n<p>05 de abril de 2026.- <strong>Tras las afectaciones registradas por la fuerte granizada y tormenta en el municipio, autoridades de los tres \u00f3rdenes de gobierno activaron el Plan DN-III-E, con el objetivo de atender a la poblaci\u00f3n y restablecer las condiciones en las zonas impactadas.<\/strong>La coordinaci\u00f3n de estas acciones se lleva a cabo de manera conjunta entre el secretario del Ayuntamiento, Aldo Rubio Mart\u00ednez, y el jefe de Gabinete, Juan Jos\u00e9 Carrillo Aldaba, en colaboraci\u00f3n con el Ej\u00e9rcito Mexicano, representado por el capit\u00e1n segundo de Infanter\u00eda Ulises Salazar V\u00e1zquez. Las autoridades contin\u00faan trabajando de manera permanente para restablecer la normalidad, brindando atenci\u00f3n oportuna a la ciudadan\u00eda.<\/p>\n\n\n\n<p><mark>Estas acciones se realizan por instrucciones de la presidenta municipal, Susy Carolina Torrecillas Salazar, quien ha instruido mantener un despliegue total de las dependencias para salvaguardar a la poblaci\u00f3n.<\/mark><\/p>\n\n\n\n<p>Desde este s\u00e1bado, ante las lluvias y la ca\u00edda de granizo registradas en el municipio, el Gobierno Municipal de Lerdo inform\u00f3 que todas las corporaciones de emergencia y seguridad se mantienen activas, atendiendo de manera oportuna los reportes ciudadanos en distintos sectores de la ciudad.<\/p>\n","protected":false},"excerpt":{"rendered":"<p>05 de abril de 2026.- Tras las afectaciones registradas por la fuerte granizada y tormenta en el municipio, autoridades de los tres \u00f3rdenes de gobierno activaron el Plan DN-III-E, con el objetivo de atender a la poblaci\u00f3n y restablecer las condiciones en las zonas impactadas.La coordinaci\u00f3n de estas acciones se lleva a cabo de manera&#8230;<\/p>\n","protected":false},"author":1,"featured_media":4684,"comment_status":"open","ping_status":"open","sticky":false,"template":"","format":"standard","meta":{"footnotes":""},"categories":[3],"tags":[],"class_list":["post-4683","post","type-post","status-publish","format-standard","has-post-thumbnail","hentry","category-lerdo"],"_links":{"self":[{"href":"https:\/\/lagumex.mx\/index\/wp-json\/wp\/v2\/posts\/4683","targetHints":{"allow":["GET"]}}],"collection":[{"href":"https:\/\/lagumex.mx\/index\/wp-json\/wp\/v2\/posts"}],"about":[{"href":"https:\/\/lagumex.mx\/index\/wp-json\/wp\/v2\/types\/post"}],"author":[{"embeddable":true,"href":"https:\/\/lagumex.mx\/index\/wp-json\/wp\/v2\/users\/1"}],"replies":[{"embeddable":true,"href":"https:\/\/lagumex.mx\/index\/wp-json\/wp\/v2\/comments?post=4683"}],"version-history":[{"count":1,"href":"https:\/\/lagumex.mx\/index\/wp-json\/wp\/v2\/posts\/4683\/revisions"}],"predecessor-version":[{"id":4685,"href":"https:\/\/lagumex.mx\/index\/wp-json\/wp\/v2\/posts\/4683\/revisions\/4685"}],"wp:featuredmedia":[{"embeddable":true,"href":"https:\/\/lagumex.mx\/index\/wp-json\/wp\/v2\/media\/4684"}],"wp:attachment":[{"href":"https:\/\/lagumex.mx\/index\/wp-json\/wp\/v2\/media?parent=4683"}],"wp:term":[{"taxonomy":"category","embeddable":true,"href":"https:\/\/lagumex.mx\/index\/wp-json\/wp\/v2\/categories?post=4683"},{"taxonomy":"post_tag","embeddable":true,"href":"https:\/\/lagumex.mx\/index\/wp-json\/wp\/v2\/tags?post=4683"}],"curies":[{"name":"wp","href":"https:\/\/api.w.org\/{rel}","templated":true}]}}