{"id":4678,"date":"2026-03-31T00:22:00","date_gmt":"2026-03-31T00:22:00","guid":{"rendered":"https:\/\/lagumex.mx\/index\/?p=4678"},"modified":"2026-04-06T00:24:06","modified_gmt":"2026-04-06T00:24:06","slug":"llegan-exposiciones-itinerantes-del-museo-acertijo-a-lerdo","status":"publish","type":"post","link":"https:\/\/lagumex.mx\/index\/lerdo\/llegan-exposiciones-itinerantes-del-museo-acertijo-a-lerdo\/","title":{"rendered":"LLEGAN EXPOSICIONES ITINERANTES DEL MUSEO ACERTIJO A LERDO"},"content":{"rendered":"\n<p>Lerdo, 31 de marzo 2026.- A partir del pr\u00f3ximo mi\u00e9rcoles 01 de abril y durante todo el mes, el \u201cMuseo del Capit\u00e1n Piloto Aviador Francisco Sarabia\u201d&nbsp;abrir\u00e1 sus puertas a cuatro destacadas exposiciones provenientes del Museo Acertijo de G\u00f3mez Palacio, en un hecho sin precedentes que marca un importante momento de colaboraci\u00f3n cultural en la regi\u00f3n.<\/p>\n\n\n\n<p>Esta iniciativa representa la primera ocasi\u00f3n en que una exposici\u00f3n del Museo Acertijo sale de sus instalaciones para ser compartida en otro recinto, lo que subraya el compromiso de ambas instituciones por acercar el conocimiento, la ciencia y la cultura a un p\u00fablico m\u00e1s amplio.<\/p>\n\n\n\n<p>Este logro ha sido posible gracias al decidido impulso de la Presidenta Municipal, Susy Torrecillas, as\u00ed como a las gestiones realizadas por la Direcci\u00f3n de Museograf\u00eda, encabezada por su director Jos\u00e9 Miguel Ch\u00e1irez Carrillo, quien destac\u00f3 la relevancia de este intercambio cultural y expres\u00f3 su agradecimiento al Lic. Aldo Antonio Reyes Valles, director del Museo Acertijo, por su disposici\u00f3n y colaboraci\u00f3n para hacer realidad este proyecto.<\/p>\n\n\n\n<p>Como parte de este enriquecedor intercambio, el Museo Acertijo contar\u00e1 tambi\u00e9n con la exhibici\u00f3n de la r\u00e9plica del avi\u00f3n del C.P.A. Francisco Sarabia, permitiendo que los miles de personas que visitan ese recinto puedan conocer y apreciar este importante s\u00edmbolo hist\u00f3rico de la aviaci\u00f3n mexicana.<\/p>\n\n\n\n<p>Las exposiciones que se presentar\u00e1n en el Museo de Sarabia ofrecer\u00e1n una experiencia interactiva, educativa y atractiva para visitantes de todas las edades, consolidando as\u00ed un espacio de aprendizaje y entretenimiento para la comunidad. Entre las exposiciones que se presentar\u00e1n se encuentra un m\u00f3dulo interactivo de defectos visuales, identificaci\u00f3n de f\u00f3siles y huellas, entre otras.<\/p>\n\n\n\n<p>Se invita cordialmente a toda la ciudadan\u00eda y visitantes a acudir y disfrutar de estas exposiciones de manera completamente gratuita, aprovechando esta oportunidad \u00fanica de vivir una experiencia cultural sin precedentes en la regi\u00f3n.<\/p>\n","protected":false},"excerpt":{"rendered":"<p>Lerdo, 31 de marzo 2026.- A partir del pr\u00f3ximo mi\u00e9rcoles 01 de abril y durante todo el mes, el \u201cMuseo del Capit\u00e1n Piloto Aviador Francisco Sarabia\u201d&nbsp;abrir\u00e1 sus puertas a cuatro destacadas exposiciones provenientes del Museo Acertijo de G\u00f3mez Palacio, en un hecho sin precedentes que marca un importante momento de colaboraci\u00f3n cultural en la regi\u00f3n&#8230;.<\/p>\n","protected":false},"author":1,"featured_media":4679,"comment_status":"open","ping_status":"open","sticky":false,"template":"","format":"standard","meta":{"footnotes":""},"categories":[3],"tags":[],"class_list":["post-4678","post","type-post","status-publish","format-standard","has-post-thumbnail","hentry","category-lerdo"],"_links":{"self":[{"href":"https:\/\/lagumex.mx\/index\/wp-json\/wp\/v2\/posts\/4678","targetHints":{"allow":["GET"]}}],"collection":[{"href":"https:\/\/lagumex.mx\/index\/wp-json\/wp\/v2\/posts"}],"about":[{"href":"https:\/\/lagumex.mx\/index\/wp-json\/wp\/v2\/types\/post"}],"author":[{"embeddable":true,"href":"https:\/\/lagumex.mx\/index\/wp-json\/wp\/v2\/users\/1"}],"replies":[{"embeddable":true,"href":"https:\/\/lagumex.mx\/index\/wp-json\/wp\/v2\/comments?post=4678"}],"version-history":[{"count":1,"href":"https:\/\/lagumex.mx\/index\/wp-json\/wp\/v2\/posts\/4678\/revisions"}],"predecessor-version":[{"id":4680,"href":"https:\/\/lagumex.mx\/index\/wp-json\/wp\/v2\/posts\/4678\/revisions\/4680"}],"wp:featuredmedia":[{"embeddable":true,"href":"https:\/\/lagumex.mx\/index\/wp-json\/wp\/v2\/media\/4679"}],"wp:attachment":[{"href":"https:\/\/lagumex.mx\/index\/wp-json\/wp\/v2\/media?parent=4678"}],"wp:term":[{"taxonomy":"category","embeddable":true,"href":"https:\/\/lagumex.mx\/index\/wp-json\/wp\/v2\/categories?post=4678"},{"taxonomy":"post_tag","embeddable":true,"href":"https:\/\/lagumex.mx\/index\/wp-json\/wp\/v2\/tags?post=4678"}],"curies":[{"name":"wp","href":"https:\/\/api.w.org\/{rel}","templated":true}]}}