{"id":4676,"date":"2026-03-09T00:20:00","date_gmt":"2026-03-09T00:20:00","guid":{"rendered":"https:\/\/lagumex.mx\/index\/?p=4676"},"modified":"2026-04-06T00:21:34","modified_gmt":"2026-04-06T00:21:34","slug":"el-19-de-marzo-realizaran-el-primer-premio-municipal-de-la-mujer-en-lerdo","status":"publish","type":"post","link":"https:\/\/lagumex.mx\/index\/lerdo\/el-19-de-marzo-realizaran-el-primer-premio-municipal-de-la-mujer-en-lerdo\/","title":{"rendered":"EL 19 DE MARZO REALIZAR\u00c1N EL PRIMER PREMIO MUNICIPAL DE LA MUJER EN LERDO"},"content":{"rendered":"\n<p>Lerdo, 09 de marzo 2026.- La premiaci\u00f3n del Primer Premio Municipal de la Mujer Presea \u201cHermila Galindo Acosta\u201d, se llevar\u00e1 a cabo en la sesi\u00f3n del Honorable Cabildo el d\u00eda jueves 19 de marzo del presente a\u00f1o,&nbsp;en el Teatro Hermila Galindo, con motivo de las actividades del D\u00eda Internacional de la Mujer.<\/p>\n\n\n\n<p>Estableci\u00e9ndose las categor\u00edas consistentes en acad\u00e9mica, persona con discapacidad, profesionista destacada, deportivo, art\u00edstico cultural, salud, labor social y g\u00e9nero<\/p>\n\n\n\n<p>Teniendo como bases para ser postulada como candidata el ser ciudadana lerdense de nacimiento o residente con arraigo en el municipio por 20 a\u00f1os o m\u00e1s, que tengan un destacado perfil y desempe\u00f1o en las actividades en que sean propuestas, y que en sus acciones destacadas hayan dado proyecci\u00f3n y prestigio a nuestro municipio.<\/p>\n\n\n\n<p>Las propuestas ser\u00e1n hechas por ciudadanos, organizaciones sociales e instituciones de Educaci\u00f3n reconocidas en la comunidad, se deber\u00e1 presentar solicitud de registro firmada Por qui\u00e9n propone, adjuntar curr\u00edculum de la persona propuesta, n\u00famero de contacto, soporte documental de los m\u00e9ritos (fotograf\u00edas, recortes period\u00edsticos, diplomas, reconocimientos, etc\u00e9tera).<\/p>\n\n\n\n<p>Las propuestas se recibir\u00e1n ante la Oficial\u00eda de partes en la oficina de la Secretar\u00eda del R. Ayuntamiento y ser\u00e1n turnadas a la Comisi\u00f3n \u201cMujer, Equidad y G\u00e9nero\u201d, que ser\u00e1 la encargada de determinar a las ganadoras de cada categor\u00eda.<\/p>\n\n\n\n<p>La premiaci\u00f3n se llevar\u00e1 a cabo el jueves 19 de marzo del 2026, en el Teatro Hermila Galindo.<\/p>\n","protected":false},"excerpt":{"rendered":"<p>Lerdo, 09 de marzo 2026.- La premiaci\u00f3n del Primer Premio Municipal de la Mujer Presea \u201cHermila Galindo Acosta\u201d, se llevar\u00e1 a cabo en la sesi\u00f3n del Honorable Cabildo el d\u00eda jueves 19 de marzo del presente a\u00f1o,&nbsp;en el Teatro Hermila Galindo, con motivo de las actividades del D\u00eda Internacional de la Mujer. Estableci\u00e9ndose las categor\u00edas&#8230;<\/p>\n","protected":false},"author":1,"featured_media":0,"comment_status":"open","ping_status":"open","sticky":false,"template":"","format":"standard","meta":{"footnotes":""},"categories":[3],"tags":[],"class_list":["post-4676","post","type-post","status-publish","format-standard","hentry","category-lerdo"],"_links":{"self":[{"href":"https:\/\/lagumex.mx\/index\/wp-json\/wp\/v2\/posts\/4676","targetHints":{"allow":["GET"]}}],"collection":[{"href":"https:\/\/lagumex.mx\/index\/wp-json\/wp\/v2\/posts"}],"about":[{"href":"https:\/\/lagumex.mx\/index\/wp-json\/wp\/v2\/types\/post"}],"author":[{"embeddable":true,"href":"https:\/\/lagumex.mx\/index\/wp-json\/wp\/v2\/users\/1"}],"replies":[{"embeddable":true,"href":"https:\/\/lagumex.mx\/index\/wp-json\/wp\/v2\/comments?post=4676"}],"version-history":[{"count":1,"href":"https:\/\/lagumex.mx\/index\/wp-json\/wp\/v2\/posts\/4676\/revisions"}],"predecessor-version":[{"id":4677,"href":"https:\/\/lagumex.mx\/index\/wp-json\/wp\/v2\/posts\/4676\/revisions\/4677"}],"wp:attachment":[{"href":"https:\/\/lagumex.mx\/index\/wp-json\/wp\/v2\/media?parent=4676"}],"wp:term":[{"taxonomy":"category","embeddable":true,"href":"https:\/\/lagumex.mx\/index\/wp-json\/wp\/v2\/categories?post=4676"},{"taxonomy":"post_tag","embeddable":true,"href":"https:\/\/lagumex.mx\/index\/wp-json\/wp\/v2\/tags?post=4676"}],"curies":[{"name":"wp","href":"https:\/\/api.w.org\/{rel}","templated":true}]}}