{"id":4650,"date":"2026-03-10T17:49:54","date_gmt":"2026-03-10T17:49:54","guid":{"rendered":"https:\/\/lagumex.mx\/index\/?p=4650"},"modified":"2026-03-27T17:50:56","modified_gmt":"2026-03-27T17:50:56","slug":"lanzara-congreso-convocatoria-abierta-para-desarrollar-parlamento-infantil-2026","status":"publish","type":"post","link":"https:\/\/lagumex.mx\/index\/uncategorized\/congreso-de-durango\/lanzara-congreso-convocatoria-abierta-para-desarrollar-parlamento-infantil-2026\/","title":{"rendered":"Lanzar\u00e1 Congreso convocatoria abierta para desarrollar Parlamento Infantil 2026"},"content":{"rendered":"\n<p>10 de marzo de 2026.-A trav\u00e9s de una convocatoria abierta dirigida a todo el estado, el Congreso del Estado convocar\u00e1 a ni\u00f1as y ni\u00f1os de quinto y sexto grado de primaria, tanto de escuelas p\u00fablicas como privadas, a participar en el Parlamento Infantil 2026, inform\u00f3 el presidente de la Junta de Gobierno y Coordinaci\u00f3n Pol\u00edtica, Ernesto Alan\u00eds Herrera.<\/p>\n\n\n\n<p>Ante los medios de comunicaci\u00f3n, explic\u00f3 que este ejercicio se realiza con motivo de la celebraci\u00f3n del D\u00eda del Ni\u00f1o y tiene como objetivo acercar a las nuevas generaciones al funcionamiento del Poder Legislativo, as\u00ed como fomentar la participaci\u00f3n c\u00edvica entre la ni\u00f1ez duranguense.<\/p>\n\n\n\n<p>Sin embargo, puntualiz\u00f3 que en esta edici\u00f3n se busca ampliar la participaci\u00f3n a todas las regiones del estado, mediante un proceso abierto y accesible para que estudiantes de todos los municipios puedan formar parte de esta experiencia democr\u00e1tica.<\/p>\n\n\n\n<p>\u201cEn esta ocasi\u00f3n buscamos que la convocatoria sea abierta para todo el estado, para que ni\u00f1as y ni\u00f1os de nuestras distintas regiones y municipios puedan participar. Queremos que desde sus escuelas conozcan el proceso, se inscriban y presenten sus propuestas\u201d, anunci\u00f3 el representante popular al explicar que las escuelas podr\u00e1n consultar las bases y participar a trav\u00e9s del micrositiowww.congresodurango.gob.mx\/parlamentoinfantil_2026.<\/p>\n\n\n\n<p>Alan\u00eds Herrera detall\u00f3 que el Parlamento Infantil estar\u00e1 integrado por 25 diputadas y diputados infantiles: uno por cada uno de los 15 distritos electorales y diez de representaci\u00f3n plurinominal, garantizando la inclusi\u00f3n y la paridad de g\u00e9nero.<\/p>\n\n\n\n<p>\u201cLas 25 diputadas y diputados infantiles ser\u00e1n electos mediante un concurso. Los participantes desarrollar\u00e1n su sentir sobre uno de los diez temas que se dar\u00e1n a conocer oportunamente y que ser\u00e1n evaluados por un jurado calificador\u201d, precis\u00f3.<\/p>\n\n\n\n<p>Agreg\u00f3 que las y los participantes presentar\u00e1n propuestas sobre alguno de los temas incluidos en la convocatoria, los cuales ser\u00e1n evaluados por un jurado integrado por legisladores y representantes del sector educativo.<\/p>\n\n\n\n<p>\u201cInvitamos a las ni\u00f1as y a los ni\u00f1os a so\u00f1ar, a imaginar y a proponer. Queremos que este Parlamento Infantil sea un espacio donde sus ideas, sus razones y su esperanza se transformen en acciones que mejoren la vida de su comunidad\u201d, indic\u00f3.<\/p>\n\n\n\n<p>Finalmente, inform\u00f3 que esta actividad se llevar\u00e1 a cabo en coordinaci\u00f3n con las comisiones legislativas de Asuntos Familiares y de los Derechos de Ni\u00f1as, Ni\u00f1os y Adolescentes, as\u00ed como la de Educaci\u00f3n P\u00fablica.<\/p>\n","protected":false},"excerpt":{"rendered":"<p>10 de marzo de 2026.-A trav\u00e9s de una convocatoria abierta dirigida a todo el estado, el Congreso del Estado convocar\u00e1 a ni\u00f1as y ni\u00f1os de quinto y sexto grado de primaria, tanto de escuelas p\u00fablicas como privadas, a participar en el Parlamento Infantil 2026, inform\u00f3 el presidente de la Junta de Gobierno y Coordinaci\u00f3n Pol\u00edtica,&#8230;<\/p>\n","protected":false},"author":1,"featured_media":4651,"comment_status":"open","ping_status":"open","sticky":false,"template":"","format":"standard","meta":{"footnotes":""},"categories":[13],"tags":[],"class_list":["post-4650","post","type-post","status-publish","format-standard","has-post-thumbnail","hentry","category-congreso-de-durango"],"_links":{"self":[{"href":"https:\/\/lagumex.mx\/index\/wp-json\/wp\/v2\/posts\/4650","targetHints":{"allow":["GET"]}}],"collection":[{"href":"https:\/\/lagumex.mx\/index\/wp-json\/wp\/v2\/posts"}],"about":[{"href":"https:\/\/lagumex.mx\/index\/wp-json\/wp\/v2\/types\/post"}],"author":[{"embeddable":true,"href":"https:\/\/lagumex.mx\/index\/wp-json\/wp\/v2\/users\/1"}],"replies":[{"embeddable":true,"href":"https:\/\/lagumex.mx\/index\/wp-json\/wp\/v2\/comments?post=4650"}],"version-history":[{"count":1,"href":"https:\/\/lagumex.mx\/index\/wp-json\/wp\/v2\/posts\/4650\/revisions"}],"predecessor-version":[{"id":4652,"href":"https:\/\/lagumex.mx\/index\/wp-json\/wp\/v2\/posts\/4650\/revisions\/4652"}],"wp:featuredmedia":[{"embeddable":true,"href":"https:\/\/lagumex.mx\/index\/wp-json\/wp\/v2\/media\/4651"}],"wp:attachment":[{"href":"https:\/\/lagumex.mx\/index\/wp-json\/wp\/v2\/media?parent=4650"}],"wp:term":[{"taxonomy":"category","embeddable":true,"href":"https:\/\/lagumex.mx\/index\/wp-json\/wp\/v2\/categories?post=4650"},{"taxonomy":"post_tag","embeddable":true,"href":"https:\/\/lagumex.mx\/index\/wp-json\/wp\/v2\/tags?post=4650"}],"curies":[{"name":"wp","href":"https:\/\/api.w.org\/{rel}","templated":true}]}}