{"id":4648,"date":"2026-03-17T17:48:29","date_gmt":"2026-03-17T17:48:29","guid":{"rendered":"https:\/\/lagumex.mx\/index\/?p=4648"},"modified":"2026-03-27T17:48:58","modified_gmt":"2026-03-27T17:48:58","slug":"prioriza-vivienda-del-bienestar-a-quienes-mas-lo-necesitan-bernabe-aguilar","status":"publish","type":"post","link":"https:\/\/lagumex.mx\/index\/uncategorized\/congreso-de-durango\/prioriza-vivienda-del-bienestar-a-quienes-mas-lo-necesitan-bernabe-aguilar\/","title":{"rendered":"Prioriza Vivienda del Bienestar a quienes m\u00e1s lo necesitan: Bernab\u00e9 Aguilar"},"content":{"rendered":"\n<p>17 de marzo de 2026.- El programa Vivienda para el Bienestar del gobierno federal representa un cambio profundo en la forma de entender la pol\u00edtica en el pa\u00eds y garantizar el derecho de las familias que m\u00e1s lo necesitan a contar con un hogar digno, afirm\u00f3 el diputado Bernab\u00e9 Aguilar Carrillo.<\/p>\n\n\n\n<p>\u201cLa vivienda es mucho m\u00e1s que un espacio f\u00edsico, pues representa el lugar donde se desarrollan las familias y se fortalece el tejido social\u201d al reiterar el compromiso de seguir informando y acercando estos programas a la poblaci\u00f3n para que cada vez m\u00e1s familias puedan acceder a una vivienda digna.<\/p>\n\n\n\n<p>Durante la sesi\u00f3n ordinaria, se\u00f1al\u00f3 que con la llegada de la Cuarta Transformaci\u00f3n se inici\u00f3 un cambio en la forma de construir las pol\u00edticas p\u00fablicas, colocando en el centro de las decisiones el bienestar de la poblaci\u00f3n y la garant\u00eda de derechos sociales fundamentales.<\/p>\n\n\n\n<p>A nombre del Grupo Parlamentario de Morena, explic\u00f3 que el programa Vivienda para el Bienestar tiene como objetivo la construcci\u00f3n de 1.8 millones de viviendas en todo el pa\u00eds, con un enfoque social dirigido principalmente a los sectores que hist\u00f3ricamente han enfrentado mayores dificultades para acceder a una casa propia.<\/p>\n\n\n\n<p>Agreg\u00f3 que entre los grupos que se priorizan dentro de este programa se encuentran las mujeres jefas de familia, personas adultas mayores, personas con discapacidad, integrantes de pueblos ind\u00edgenas y afromexicanos, as\u00ed como familias que no cuentan con acceso a mecanismos de financiamiento al no ser derechohabientes de instituciones de seguridad social.<\/p>\n\n\n\n<p>Asimismo, inform\u00f3 que desde el pasado mes de febrero inici\u00f3 el proceso de preregistro a trav\u00e9s de la plataforma digital habilitada por la Comisi\u00f3n Nacional de Vivienda, el cual ya se encuentra disponible para los municipios de Durango y G\u00f3mez Palacio.<\/p>\n\n\n\n<p>El legislador subray\u00f3 que este tr\u00e1mite es completamente gratuito y no requiere de intermediarios, por lo que exhort\u00f3 a la ciudadan\u00eda a no dejarse enga\u00f1ar por personas u organizaciones que pretendan cobrar por la realizaci\u00f3n del registro o gestionar supuestos apoyos.<\/p>\n","protected":false},"excerpt":{"rendered":"<p>17 de marzo de 2026.- El programa Vivienda para el Bienestar del gobierno federal representa un cambio profundo en la forma de entender la pol\u00edtica en el pa\u00eds y garantizar el derecho de las familias que m\u00e1s lo necesitan a contar con un hogar digno, afirm\u00f3 el diputado Bernab\u00e9 Aguilar Carrillo. \u201cLa vivienda es mucho&#8230;<\/p>\n","protected":false},"author":1,"featured_media":0,"comment_status":"open","ping_status":"open","sticky":false,"template":"","format":"standard","meta":{"footnotes":""},"categories":[13],"tags":[],"class_list":["post-4648","post","type-post","status-publish","format-standard","hentry","category-congreso-de-durango"],"_links":{"self":[{"href":"https:\/\/lagumex.mx\/index\/wp-json\/wp\/v2\/posts\/4648","targetHints":{"allow":["GET"]}}],"collection":[{"href":"https:\/\/lagumex.mx\/index\/wp-json\/wp\/v2\/posts"}],"about":[{"href":"https:\/\/lagumex.mx\/index\/wp-json\/wp\/v2\/types\/post"}],"author":[{"embeddable":true,"href":"https:\/\/lagumex.mx\/index\/wp-json\/wp\/v2\/users\/1"}],"replies":[{"embeddable":true,"href":"https:\/\/lagumex.mx\/index\/wp-json\/wp\/v2\/comments?post=4648"}],"version-history":[{"count":1,"href":"https:\/\/lagumex.mx\/index\/wp-json\/wp\/v2\/posts\/4648\/revisions"}],"predecessor-version":[{"id":4649,"href":"https:\/\/lagumex.mx\/index\/wp-json\/wp\/v2\/posts\/4648\/revisions\/4649"}],"wp:attachment":[{"href":"https:\/\/lagumex.mx\/index\/wp-json\/wp\/v2\/media?parent=4648"}],"wp:term":[{"taxonomy":"category","embeddable":true,"href":"https:\/\/lagumex.mx\/index\/wp-json\/wp\/v2\/categories?post=4648"},{"taxonomy":"post_tag","embeddable":true,"href":"https:\/\/lagumex.mx\/index\/wp-json\/wp\/v2\/tags?post=4648"}],"curies":[{"name":"wp","href":"https:\/\/api.w.org\/{rel}","templated":true}]}}