{"id":4645,"date":"2026-03-27T05:46:00","date_gmt":"2026-03-27T05:46:00","guid":{"rendered":"https:\/\/lagumex.mx\/index\/?p=4645"},"modified":"2026-03-27T17:47:39","modified_gmt":"2026-03-27T17:47:39","slug":"impulsa-sandra-amaya-apoyo-para-familias-de-policias-caidos-en-su-deber","status":"publish","type":"post","link":"https:\/\/lagumex.mx\/index\/uncategorized\/congreso-de-durango\/impulsa-sandra-amaya-apoyo-para-familias-de-policias-caidos-en-su-deber\/","title":{"rendered":"Impulsa Sandra Amaya apoyo para familias de polic\u00edas ca\u00eddos en su deber"},"content":{"rendered":"\n<p>27 de marzo de 2026.- Al se\u00f1alar que ser polic\u00eda en M\u00e9xico representa una de las labores m\u00e1s riesgosas del servicio p\u00fablico, la diputada Sandra Amaya Rosales propuso reformar la Ley de Seguridad P\u00fablica del Estado, para otorgar un apoyo econ\u00f3mico a las familias de polic\u00edas que fallezcan en cumplimiento de su deber, especialmente donde no exista pensi\u00f3n u otro beneficio similar.<\/p>\n\n\n\n<p>\u201cUn apoyo que no duplica, que no genera distorsiones, pero que s\u00ed cierra una brecha, que s\u00ed responde cuando m\u00e1s se necesita y que s\u00ed reconoce el valor de quienes entregaron su vida por la ciudadan\u00eda\u201d, resalt\u00f3 la coordinadora del Grupo Parlamentario de Morena.<\/p>\n\n\n\n<p>En ese sentido, explic\u00f3 que la iniciativa busca cerrar esa brecha legal, garantizando que el Estado cuente con una obligaci\u00f3n expresa para brindar apoyo complementario, evitando que las familias enfrenten incertidumbre econ\u00f3mica tras una p\u00e9rdida irreparable.<\/p>\n\n\n\n<p>Al realizar la ampliaci\u00f3n de motivos, puntualiz\u00f3 que esta medida no pretende duplicar apoyos ni generar distorsiones, sino fortalecer la protecci\u00f3n social para las familias de polic\u00edas, brindando certeza y respaldo en los momentos m\u00e1s dif\u00edciles.<\/p>\n\n\n\n<p>\u201cNo son n\u00fameros, son historias, son familias, son hijas e hijos que quedan desprotegidos\u201d, expres\u00f3 al subrayar que esta realidad tambi\u00e9n se vive en Durango, por lo que resulta urgente revisar si el Estado est\u00e1 respondiendo con justicia y responsabilidad ante el sacrificio de quienes velan por la seguridad p\u00fablica.<\/p>\n\n\n\n<p>Amaya Rosales reconoci\u00f3 que el marco legal actual contempla derechos para los cuerpos de seguridad, pero advirti\u00f3 que a\u00fan existen vac\u00edos sensibles, como la falta de un respaldo econ\u00f3mico claro para las familias de quienes pierden la vida en servicio cuando no hay pensi\u00f3n o beneficios establecidos.<\/p>\n\n\n\n<p>Asimismo, afirm\u00f3 que esta propuesta se sustenta en principios fundamentales de la Cuarta Transformaci\u00f3n, como la dignidad humana, la justicia social y la progresividad de los derechos, al tiempo que record\u00f3 que gobernar implica hacerse cargo y no dejar a nadie atr\u00e1s.<\/p>\n\n\n\n<p>\u201cEsta propuesta no devuelve vidas, pero s\u00ed puede cambiar el destino de quienes se quedan: dar certeza donde hoy hay incertidumbre y respaldo donde hoy hay desprotecci\u00f3n\u201d, finaliz\u00f3 la representante popular.<\/p>\n","protected":false},"excerpt":{"rendered":"<p>27 de marzo de 2026.- Al se\u00f1alar que ser polic\u00eda en M\u00e9xico representa una de las labores m\u00e1s riesgosas del servicio p\u00fablico, la diputada Sandra Amaya Rosales propuso reformar la Ley de Seguridad P\u00fablica del Estado, para otorgar un apoyo econ\u00f3mico a las familias de polic\u00edas que fallezcan en cumplimiento de su deber, especialmente donde&#8230;<\/p>\n","protected":false},"author":1,"featured_media":4646,"comment_status":"open","ping_status":"open","sticky":false,"template":"","format":"standard","meta":{"footnotes":""},"categories":[13],"tags":[],"class_list":["post-4645","post","type-post","status-publish","format-standard","has-post-thumbnail","hentry","category-congreso-de-durango"],"_links":{"self":[{"href":"https:\/\/lagumex.mx\/index\/wp-json\/wp\/v2\/posts\/4645","targetHints":{"allow":["GET"]}}],"collection":[{"href":"https:\/\/lagumex.mx\/index\/wp-json\/wp\/v2\/posts"}],"about":[{"href":"https:\/\/lagumex.mx\/index\/wp-json\/wp\/v2\/types\/post"}],"author":[{"embeddable":true,"href":"https:\/\/lagumex.mx\/index\/wp-json\/wp\/v2\/users\/1"}],"replies":[{"embeddable":true,"href":"https:\/\/lagumex.mx\/index\/wp-json\/wp\/v2\/comments?post=4645"}],"version-history":[{"count":1,"href":"https:\/\/lagumex.mx\/index\/wp-json\/wp\/v2\/posts\/4645\/revisions"}],"predecessor-version":[{"id":4647,"href":"https:\/\/lagumex.mx\/index\/wp-json\/wp\/v2\/posts\/4645\/revisions\/4647"}],"wp:featuredmedia":[{"embeddable":true,"href":"https:\/\/lagumex.mx\/index\/wp-json\/wp\/v2\/media\/4646"}],"wp:attachment":[{"href":"https:\/\/lagumex.mx\/index\/wp-json\/wp\/v2\/media?parent=4645"}],"wp:term":[{"taxonomy":"category","embeddable":true,"href":"https:\/\/lagumex.mx\/index\/wp-json\/wp\/v2\/categories?post=4645"},{"taxonomy":"post_tag","embeddable":true,"href":"https:\/\/lagumex.mx\/index\/wp-json\/wp\/v2\/tags?post=4645"}],"curies":[{"name":"wp","href":"https:\/\/api.w.org\/{rel}","templated":true}]}}