{"id":4642,"date":"2026-03-19T23:16:11","date_gmt":"2026-03-19T23:16:11","guid":{"rendered":"https:\/\/lagumex.mx\/index\/?p=4642"},"modified":"2026-03-26T23:17:58","modified_gmt":"2026-03-26T23:17:58","slug":"crea-congreso-programa-de-primer-empleo-para-incentivar-contratacion-de-jovenes","status":"publish","type":"post","link":"https:\/\/lagumex.mx\/index\/uncategorized\/congreso-de-durango\/crea-congreso-programa-de-primer-empleo-para-incentivar-contratacion-de-jovenes\/","title":{"rendered":"Crea Congreso Programa de Primer Empleo para incentivar contrataci\u00f3n de j\u00f3venes"},"content":{"rendered":"\n<p>19 de marzo de 2026.- Por unanimidad y dentro de la Agenda Legislativa Com\u00fan, el Congreso del Estado aprob\u00f3 la creaci\u00f3n del Programa de Primer Empleo, para incentivar la contrataci\u00f3n de j\u00f3venes en puestos de nueva creaci\u00f3n, favoreciendo su inserci\u00f3n y permanencia en el empleo formal, as\u00ed como la adquisici\u00f3n de experiencia laboral inicial.<\/p>\n\n\n\n<p>Las reformas a la Ley de Fomento Econ\u00f3mico son resultados de tres iniciativas que presentaron en su momento las y los diputados de PRI, PAN y Morena, consolidando un esfuerzo conjunto en beneficio de las y los j\u00f3venes duranguenses.<\/p>\n\n\n\n<p>Al hacer uso de la tribuna, el presidente de la Comisi\u00f3n de Desarrollo Econ\u00f3mico, Mart\u00edn Vivanco Lira, destac\u00f3 que el dictamen integra lo mejor de cada propuesta parlamentaria, articulando una pol\u00edtica p\u00fablica basada en tres ejes, incentivos fiscales, vinculaci\u00f3n educativa y mecanismos de capacitaci\u00f3n.<\/p>\n\n\n\n<p>Detall\u00f3 que el est\u00edmulo fiscal ser\u00e1 gradual, iniciando con la exenci\u00f3n del impuesto sobre n\u00f3mina durante los primeros 24 meses, seguido de una reducci\u00f3n del 50 por ciento por seis meses y del 25 por ciento en el \u00faltimo semestre; por lo que puntualiz\u00f3 que los empleos deber\u00e1n ser de nueva creaci\u00f3n y mantenerse al menos durante dos a\u00f1os, adem\u00e1s de que las empresas deber\u00e1n cumplir con sus obligaciones fiscales y laborales, incorporando tambi\u00e9n instrumentos de formaci\u00f3n y acompa\u00f1amiento para asegurar una inserci\u00f3n efectiva.<\/p>\n\n\n\n<p>A nombre del Grupo Parlamentario del PRI, Sughey Torres Rodr\u00edguez, record\u00f3 que esta propuesta ha sido impulsada desde la legislatura pasada con el objetivo de brindar mayores oportunidades a la juventud; por lo que se busca facilitar el acceso a empleos dignos para personas de entre 18 y 29 a\u00f1os, mediante incentivos que promuevan la contrataci\u00f3n y permanencia laboral.<\/p>\n\n\n\n<p>Agreg\u00f3 que este tipo de pol\u00edticas contribuyen a proteger a las y los j\u00f3venes, alej\u00e1ndolos de entornos de riesgo y permiti\u00e9ndoles construir un mejor futuro. Reconoci\u00f3 la voluntad de las distintas fuerzas pol\u00edticas para sumarse a esta iniciativa, la cual fortalece la responsabilidad social del Poder Legislativo en favor de la ciudadan\u00eda.<\/p>\n\n\n\n<p>Por su parte, el coordinador del Grupo Parlamentario del PAN, diputado Alejandro Mojica Narvaez, resalt\u00f3 la coincidencia entre las distintas fuerzas pol\u00edticas para impulsar este programa como parte de una agenda legislativa com\u00fan. Indic\u00f3 que la propuesta incluye definiciones claras, requisitos de acceso, est\u00edmulos fiscales, as\u00ed como instrumentos de apoyo y reglas de operaci\u00f3n que ser\u00e1n emitidas por la autoridad correspondiente.<\/p>\n\n\n\n<p>Enfatiz\u00f3 que el Programa de Primer Empleo representa una oportunidad para que las y los j\u00f3venes adquieran experiencia laboral y logren independencia econ\u00f3mica. Destac\u00f3 que esta medida permitir\u00e1 que egresados de diversas instituciones educativas puedan aplicar sus conocimientos en el \u00e1mbito laboral, evitando que enfrenten barreras por falta de experiencia.<\/p>\n\n\n\n<p>En su intervenci\u00f3n, el diputado de Morena, Bernab\u00e9 Aguilar Carrillo, afirm\u00f3 que hablar de desarrollo econ\u00f3mico sin incluir a las juventudes implica un enfoque incompleto e injusto. Reconoci\u00f3 que esta reforma retoma el esp\u00edritu de pol\u00edticas impulsadas a nivel federal, enfocadas en brindar oportunidades reales a quienes hist\u00f3ricamente han sido relegados.<\/p>\n\n\n\n<p>Se\u00f1al\u00f3 que el objetivo es construir un Durango donde las juventudes puedan desarrollarse sin necesidad de emigrar, contando con oportunidades reales para integrarse al mercado laboral. En ese sentido, reiter\u00f3 el respaldo de su grupo parlamentario al dictamen aprobado en beneficio de las y los j\u00f3venes duranguenses<\/p>\n","protected":false},"excerpt":{"rendered":"<p>19 de marzo de 2026.- Por unanimidad y dentro de la Agenda Legislativa Com\u00fan, el Congreso del Estado aprob\u00f3 la creaci\u00f3n del Programa de Primer Empleo, para incentivar la contrataci\u00f3n de j\u00f3venes en puestos de nueva creaci\u00f3n, favoreciendo su inserci\u00f3n y permanencia en el empleo formal, as\u00ed como la adquisici\u00f3n de experiencia laboral inicial. Las&#8230;<\/p>\n","protected":false},"author":1,"featured_media":4643,"comment_status":"open","ping_status":"open","sticky":false,"template":"","format":"standard","meta":{"footnotes":""},"categories":[13],"tags":[],"class_list":["post-4642","post","type-post","status-publish","format-standard","has-post-thumbnail","hentry","category-congreso-de-durango"],"_links":{"self":[{"href":"https:\/\/lagumex.mx\/index\/wp-json\/wp\/v2\/posts\/4642","targetHints":{"allow":["GET"]}}],"collection":[{"href":"https:\/\/lagumex.mx\/index\/wp-json\/wp\/v2\/posts"}],"about":[{"href":"https:\/\/lagumex.mx\/index\/wp-json\/wp\/v2\/types\/post"}],"author":[{"embeddable":true,"href":"https:\/\/lagumex.mx\/index\/wp-json\/wp\/v2\/users\/1"}],"replies":[{"embeddable":true,"href":"https:\/\/lagumex.mx\/index\/wp-json\/wp\/v2\/comments?post=4642"}],"version-history":[{"count":1,"href":"https:\/\/lagumex.mx\/index\/wp-json\/wp\/v2\/posts\/4642\/revisions"}],"predecessor-version":[{"id":4644,"href":"https:\/\/lagumex.mx\/index\/wp-json\/wp\/v2\/posts\/4642\/revisions\/4644"}],"wp:featuredmedia":[{"embeddable":true,"href":"https:\/\/lagumex.mx\/index\/wp-json\/wp\/v2\/media\/4643"}],"wp:attachment":[{"href":"https:\/\/lagumex.mx\/index\/wp-json\/wp\/v2\/media?parent=4642"}],"wp:term":[{"taxonomy":"category","embeddable":true,"href":"https:\/\/lagumex.mx\/index\/wp-json\/wp\/v2\/categories?post=4642"},{"taxonomy":"post_tag","embeddable":true,"href":"https:\/\/lagumex.mx\/index\/wp-json\/wp\/v2\/tags?post=4642"}],"curies":[{"name":"wp","href":"https:\/\/api.w.org\/{rel}","templated":true}]}}