{"id":4639,"date":"2026-03-26T23:15:28","date_gmt":"2026-03-26T23:15:28","guid":{"rendered":"https:\/\/lagumex.mx\/index\/?p=4639"},"modified":"2026-03-26T23:15:28","modified_gmt":"2026-03-26T23:15:28","slug":"coinciden-legisladores-en-austeridad-responsable-sin-afectar-la-democracia","status":"publish","type":"post","link":"https:\/\/lagumex.mx\/index\/durango\/coinciden-legisladores-en-austeridad-responsable-sin-afectar-la-democracia\/","title":{"rendered":"Coinciden legisladores en austeridad responsable sin afectar la democracia"},"content":{"rendered":"\n<p>23 de marzo de 2026.- En el an\u00e1lisis del denominado \u201cPlan B\u201d, la diputada Roc\u00edo Rebollo Mendoza, del PRI, y el diputado Osbaldo Santill\u00e1n, del Partido Verde Ecologista de M\u00e9xico, coincidieron en la importancia de promover una austeridad responsable que no comprometa la representaci\u00f3n democr\u00e1tica ni el equilibrio institucional del pa\u00eds.<\/p>\n\n\n\n<p>Al realizar un pronunciamiento, Rebollo Mendoza advirti\u00f3 que cualquier modificaci\u00f3n a las reglas que incidan en la integraci\u00f3n de congresos locales o ayuntamientos debe analizarse con responsabilidad y visi\u00f3n de Estado, por lo que hizo un llamado a la prudencia, a la seriedad y a pleno respeto al pacto federal.<\/p>\n\n\n\n<p>\u201cCuando se toca la arquitectura institucional de la representaci\u00f3n pol\u00edtica, no se trata de un simple ajuste administrativo, sino del equilibrio del poder p\u00fablico en todo el pa\u00eds\u201d, expres\u00f3.<\/p>\n\n\n\n<p>Consider\u00f3 que debilitar la estructura operativa del Congreso puede afectar su capacidad para legislar, fiscalizar y representar, por lo que las reformas deben construirse con consenso, di\u00e1logo y respeto al federalismo, garantizando siempre la pluralidad pol\u00edtica y la representaci\u00f3n ciudadana.<\/p>\n\n\n\n<p>Asimismo, reconoci\u00f3 que la austeridad es un principio v\u00e1lido en la administraci\u00f3n p\u00fablica, siempre que se aplique con un enfoque integral, ya que nadie puede oponerse a la eficiencia en el uso del dinero p\u00fablico, pero estos ajustes deben analizarse por su impacto en las personas, en los derechos laborales y en la funcionalidad del Poder Legislativo.<\/p>\n\n\n\n<p>Por su parte, el diputado Osbaldo Santill\u00e1n expres\u00f3 que el Partido Verde coincide en que el recurso p\u00fablico debe traducirse en beneficios tangibles para la poblaci\u00f3n, ya que no se puede hablar de desarrollo sin justicia social ni de crecimiento sin sostenibilidad; el dinero p\u00fablico debe convertirse en bienestar real para la gente.<\/p>\n\n\n\n<p>\u201cDesde nuestra visi\u00f3n como Partido Verde, creemos firmemente que este tipo de medidas deben ir acompa\u00f1adas de una visi\u00f3n integral que contemple no solo el ahorro, sino la correcta reinversi\u00f3n de esos recursos en pol\u00edticas p\u00fablicas que atiendan las verdaderas causas de los problemas sociales, econ\u00f3micos y ambientales.\u201d, se\u00f1al\u00f3.<\/p>\n\n\n\n<p>En este sentido, hizo un llamado a actuar con responsabilidad y altura de miras ante los retos del pa\u00eds ya que no es tiempo de c\u00e1lculos pol\u00edticos, sino de construir un Estado m\u00e1s eficiente, equitativo y comprometido con su gente; acompa\u00f1amos este plan porque creemos en un ejercicio honesto del poder y en el bienestar colectivo.<\/p>\n","protected":false},"excerpt":{"rendered":"<p>23 de marzo de 2026.- En el an\u00e1lisis del denominado \u201cPlan B\u201d, la diputada Roc\u00edo Rebollo Mendoza, del PRI, y el diputado Osbaldo Santill\u00e1n, del Partido Verde Ecologista de M\u00e9xico, coincidieron en la importancia de promover una austeridad responsable que no comprometa la representaci\u00f3n democr\u00e1tica ni el equilibrio institucional del pa\u00eds. Al realizar un pronunciamiento,&#8230;<\/p>\n","protected":false},"author":1,"featured_media":4640,"comment_status":"open","ping_status":"open","sticky":false,"template":"","format":"standard","meta":{"footnotes":""},"categories":[1],"tags":[],"class_list":["post-4639","post","type-post","status-publish","format-standard","has-post-thumbnail","hentry","category-durango"],"_links":{"self":[{"href":"https:\/\/lagumex.mx\/index\/wp-json\/wp\/v2\/posts\/4639","targetHints":{"allow":["GET"]}}],"collection":[{"href":"https:\/\/lagumex.mx\/index\/wp-json\/wp\/v2\/posts"}],"about":[{"href":"https:\/\/lagumex.mx\/index\/wp-json\/wp\/v2\/types\/post"}],"author":[{"embeddable":true,"href":"https:\/\/lagumex.mx\/index\/wp-json\/wp\/v2\/users\/1"}],"replies":[{"embeddable":true,"href":"https:\/\/lagumex.mx\/index\/wp-json\/wp\/v2\/comments?post=4639"}],"version-history":[{"count":1,"href":"https:\/\/lagumex.mx\/index\/wp-json\/wp\/v2\/posts\/4639\/revisions"}],"predecessor-version":[{"id":4641,"href":"https:\/\/lagumex.mx\/index\/wp-json\/wp\/v2\/posts\/4639\/revisions\/4641"}],"wp:featuredmedia":[{"embeddable":true,"href":"https:\/\/lagumex.mx\/index\/wp-json\/wp\/v2\/media\/4640"}],"wp:attachment":[{"href":"https:\/\/lagumex.mx\/index\/wp-json\/wp\/v2\/media?parent=4639"}],"wp:term":[{"taxonomy":"category","embeddable":true,"href":"https:\/\/lagumex.mx\/index\/wp-json\/wp\/v2\/categories?post=4639"},{"taxonomy":"post_tag","embeddable":true,"href":"https:\/\/lagumex.mx\/index\/wp-json\/wp\/v2\/tags?post=4639"}],"curies":[{"name":"wp","href":"https:\/\/api.w.org\/{rel}","templated":true}]}}