{"id":4636,"date":"2026-03-24T23:10:59","date_gmt":"2026-03-24T23:10:59","guid":{"rendered":"https:\/\/lagumex.mx\/index\/?p=4636"},"modified":"2026-03-26T23:13:06","modified_gmt":"2026-03-26T23:13:06","slug":"proponen-las-y-los-diputados-del-pri-frenar-pandillerismo","status":"publish","type":"post","link":"https:\/\/lagumex.mx\/index\/uncategorized\/congreso-de-durango\/proponen-las-y-los-diputados-del-pri-frenar-pandillerismo\/","title":{"rendered":"Proponen las y los diputados del PRI frenar pandillerismo"},"content":{"rendered":"\n<p>24 de marzo de 2026.- Con la finalidad de fortalecer la convivencia social, la diputada Sughey Torres Rodr\u00edguez propuso reformar el C\u00f3digo Penal del Estado, para frenar el pandillerismo, estableciendo sanciones de seis a 12 a\u00f1os de prisi\u00f3n, as\u00ed como multas de 200 a mil Unidades de Medida y Actualizaci\u00f3n, para quienes formen parte de una asociaci\u00f3n o banda de tres o m\u00e1s personas con el prop\u00f3sito de delinquir.<\/p>\n\n\n\n<p>\u201cLa gente no quiere discursos t\u00e9cnicos, quiere resultados, quiere seguridad, quiere salir a la calle sin miedo. Hoy no estamos votando en contra de los j\u00f3venes, estamos votando a favor de las v\u00edctimas, de la tranquilidad de las familias y del orden p\u00fablico. Esta Legislatura tiene la oportunidad de mandar una se\u00f1al contundente de que estamos del lado de la justicia y trabajando para recuperar la paz en Durango\u201d, puntualiz\u00f3.<\/p>\n\n\n\n<p>A nombre del Grupo Parlamentario del PRI, se\u00f1al\u00f3 que la iniciativa busca dar claridad y certeza jur\u00eddica, por lo que propone definir con precisi\u00f3n el pandillerismo, establecerlo como agravante cuando los delitos se cometen en grupo, endurecer sanciones cuando haya violencia, uso de armas o v\u00edctimas vulnerables, y brindar herramientas claras a las autoridades encargadas de aplicar la ley.<\/p>\n\n\n\n<p>Al realizar la ampliaci\u00f3n de motivos, se\u00f1al\u00f3 que hablar de pandillerismo no es solamente referirse a j\u00f3venes reunidos en una esquina, sino a una realidad compleja y profunda, que muchas veces surge del abandono, la falta de oportunidades y la ausencia de comunidad, pero que al desbordarse termina afectando a toda la sociedad.<\/p>\n\n\n\n<p>\u201cQueremos juventud con futuro, no juventud con miedo. Queremos comunidad, no confrontaci\u00f3n. Y que quede muy claro: quien quiere organizarse tiene todo el derecho, pero quien decide delinquir en grupo debe saber que la ley es m\u00e1s firme\u201d, expres\u00f3 la legisladora durante su intervenci\u00f3n.<\/p>\n\n\n\n<p>Explic\u00f3 que lo que inicia como identidad o sentido de pertenencia puede transformarse en violencia, y cuando un grupo decide delinquir, el da\u00f1o es mayor, m\u00e1s agresivo e intimidante; al recordar que en Durango se han observado recientemente ri\u00f1as colectivas en calles y espacios p\u00fablicos, as\u00ed como actos vand\u00e1licos que generan temor entre las familias.<\/p>\n\n\n\n<p>Indic\u00f3 que datos del Instituto Nacional de Estad\u00edstica y Geograf\u00eda reflejan que los j\u00f3venes son, al mismo tiempo, v\u00edctimas y victimarios de la violencia, lo que obliga a actuar con inteligencia, sensibilidad y firmeza. \u201cNo se trata de criminalizar a la juventud, sino de poner l\u00edmites claros a la violencia\u201d, puntualiz\u00f3.<\/p>\n","protected":false},"excerpt":{"rendered":"<p>24 de marzo de 2026.- Con la finalidad de fortalecer la convivencia social, la diputada Sughey Torres Rodr\u00edguez propuso reformar el C\u00f3digo Penal del Estado, para frenar el pandillerismo, estableciendo sanciones de seis a 12 a\u00f1os de prisi\u00f3n, as\u00ed como multas de 200 a mil Unidades de Medida y Actualizaci\u00f3n, para quienes formen parte de&#8230;<\/p>\n","protected":false},"author":1,"featured_media":4637,"comment_status":"open","ping_status":"open","sticky":false,"template":"","format":"standard","meta":{"footnotes":""},"categories":[13],"tags":[],"class_list":["post-4636","post","type-post","status-publish","format-standard","has-post-thumbnail","hentry","category-congreso-de-durango"],"_links":{"self":[{"href":"https:\/\/lagumex.mx\/index\/wp-json\/wp\/v2\/posts\/4636","targetHints":{"allow":["GET"]}}],"collection":[{"href":"https:\/\/lagumex.mx\/index\/wp-json\/wp\/v2\/posts"}],"about":[{"href":"https:\/\/lagumex.mx\/index\/wp-json\/wp\/v2\/types\/post"}],"author":[{"embeddable":true,"href":"https:\/\/lagumex.mx\/index\/wp-json\/wp\/v2\/users\/1"}],"replies":[{"embeddable":true,"href":"https:\/\/lagumex.mx\/index\/wp-json\/wp\/v2\/comments?post=4636"}],"version-history":[{"count":1,"href":"https:\/\/lagumex.mx\/index\/wp-json\/wp\/v2\/posts\/4636\/revisions"}],"predecessor-version":[{"id":4638,"href":"https:\/\/lagumex.mx\/index\/wp-json\/wp\/v2\/posts\/4636\/revisions\/4638"}],"wp:featuredmedia":[{"embeddable":true,"href":"https:\/\/lagumex.mx\/index\/wp-json\/wp\/v2\/media\/4637"}],"wp:attachment":[{"href":"https:\/\/lagumex.mx\/index\/wp-json\/wp\/v2\/media?parent=4636"}],"wp:term":[{"taxonomy":"category","embeddable":true,"href":"https:\/\/lagumex.mx\/index\/wp-json\/wp\/v2\/categories?post=4636"},{"taxonomy":"post_tag","embeddable":true,"href":"https:\/\/lagumex.mx\/index\/wp-json\/wp\/v2\/tags?post=4636"}],"curies":[{"name":"wp","href":"https:\/\/api.w.org\/{rel}","templated":true}]}}