{"id":4633,"date":"2026-03-19T23:05:30","date_gmt":"2026-03-19T23:05:30","guid":{"rendered":"https:\/\/lagumex.mx\/index\/?p=4633"},"modified":"2026-03-26T23:08:55","modified_gmt":"2026-03-26T23:08:55","slug":"entregan-presea-hermila-galindo-a-mujeres-destacadas-de-lerdo","status":"publish","type":"post","link":"https:\/\/lagumex.mx\/index\/lerdo\/entregan-presea-hermila-galindo-a-mujeres-destacadas-de-lerdo\/","title":{"rendered":"Entregan Presea &#8216;Hermila Galindo&#8217; a mujeres destacadas de Lerdo"},"content":{"rendered":"\n<p>19 de marzo de 2026.- <strong>Durante la segunda sesi\u00f3n solemne y en el marco de la celebraci\u00f3n del primer Premio Municipal de la Mujer, el Cabildo de Lerdo entreg\u00f3 este jueves la Presea \u201cHermila Galindo Acosta\u201d 2026, un reconocimiento y acto que honra un legado hist\u00f3rico y social de trascendencia, adem\u00e1s de que representa una oportunidad para destacar el esfuerzo de ocho mujeres que desde distintos \u00e1mbitos han transformado la sociedad, mediante su compromiso, liderazgo y dedicaci\u00f3n.<\/strong> La presea en la categor\u00eda de Labor Social, fue para la doctora Fabiana Salas C\u00e1rdenas quien en 2011, fund\u00f3 la asociaci\u00f3n civil \u201cPan de vida de La Laguna\u201d y liberado proyectos relacionados con un comedor comunitario y un centro de asistencia social tipo hogar para ni\u00f1os, ni\u00f1as y adolescentes, as\u00ed como acciones de proyecto a personas adultas mayores y mujeres en situaci\u00f3n de violencia, entre otras. En la categor\u00eda Profesional, se reconoci\u00f3 a la maestra Claudia Ulloa Valdez, la cual tiene una licenciatura en Trabajo Social as\u00ed como maestr\u00eda en Educaci\u00f3n y diplomados. Ha ocupado cargos de responsabilidad en el sector educativo y p\u00fablico, orientados al acompa\u00f1amiento de j\u00f3venes y adultos en situaciones de vulnerabilidad, contribuyendo a mejorar su calidad de vida.En la categor\u00eda Deportiva, recibi\u00f3 el premio Anabel L\u00f3pez Mata, quien ha dedicado m\u00e1s de una d\u00e9cada a la promoci\u00f3n de la salud f\u00edsica y emocional, beneficiando a m\u00e1s de 80 adultos mayores mediante la pr\u00e1ctica de Tai Chi Chuan, adem\u00e1s de que ha participado en diversas competencias, destacando la obtenci\u00f3n de dos terceros lugares a nivel nacional en los juegos del Inapam.<\/p>\n","protected":false},"excerpt":{"rendered":"<p>19 de marzo de 2026.- Durante la segunda sesi\u00f3n solemne y en el marco de la celebraci\u00f3n del primer Premio Municipal de la Mujer, el Cabildo de Lerdo entreg\u00f3 este jueves la Presea \u201cHermila Galindo Acosta\u201d 2026, un reconocimiento y acto que honra un legado hist\u00f3rico y social de trascendencia, adem\u00e1s de que representa una&#8230;<\/p>\n","protected":false},"author":1,"featured_media":4634,"comment_status":"open","ping_status":"open","sticky":false,"template":"","format":"standard","meta":{"footnotes":""},"categories":[3],"tags":[],"class_list":["post-4633","post","type-post","status-publish","format-standard","has-post-thumbnail","hentry","category-lerdo"],"_links":{"self":[{"href":"https:\/\/lagumex.mx\/index\/wp-json\/wp\/v2\/posts\/4633","targetHints":{"allow":["GET"]}}],"collection":[{"href":"https:\/\/lagumex.mx\/index\/wp-json\/wp\/v2\/posts"}],"about":[{"href":"https:\/\/lagumex.mx\/index\/wp-json\/wp\/v2\/types\/post"}],"author":[{"embeddable":true,"href":"https:\/\/lagumex.mx\/index\/wp-json\/wp\/v2\/users\/1"}],"replies":[{"embeddable":true,"href":"https:\/\/lagumex.mx\/index\/wp-json\/wp\/v2\/comments?post=4633"}],"version-history":[{"count":1,"href":"https:\/\/lagumex.mx\/index\/wp-json\/wp\/v2\/posts\/4633\/revisions"}],"predecessor-version":[{"id":4635,"href":"https:\/\/lagumex.mx\/index\/wp-json\/wp\/v2\/posts\/4633\/revisions\/4635"}],"wp:featuredmedia":[{"embeddable":true,"href":"https:\/\/lagumex.mx\/index\/wp-json\/wp\/v2\/media\/4634"}],"wp:attachment":[{"href":"https:\/\/lagumex.mx\/index\/wp-json\/wp\/v2\/media?parent=4633"}],"wp:term":[{"taxonomy":"category","embeddable":true,"href":"https:\/\/lagumex.mx\/index\/wp-json\/wp\/v2\/categories?post=4633"},{"taxonomy":"post_tag","embeddable":true,"href":"https:\/\/lagumex.mx\/index\/wp-json\/wp\/v2\/tags?post=4633"}],"curies":[{"name":"wp","href":"https:\/\/api.w.org\/{rel}","templated":true}]}}