{"id":463,"date":"2023-07-01T19:33:55","date_gmt":"2023-07-01T19:33:55","guid":{"rendered":"http:\/\/lagumex.mx\/index\/?p=463"},"modified":"2023-07-01T19:33:55","modified_gmt":"2023-07-01T19:33:55","slug":"exhorta-dif-gomez-palacio-a-denunciar-maltrato-a-menores","status":"publish","type":"post","link":"https:\/\/lagumex.mx\/index\/gomez-palacio\/exhorta-dif-gomez-palacio-a-denunciar-maltrato-a-menores\/","title":{"rendered":"Exhorta DIF G\u00f3mez Palacio a denunciar maltrato a menores"},"content":{"rendered":"\n<h2 class=\"wp-block-heading\">Buscan brindar seguridad a ni\u00f1os y a adolescentes<\/h2>\n\n\n\n<p>01 de julio de 2023. Los ni\u00f1os, ni\u00f1as y adolescentes pueden estar expuestos a diferentes tipos de violencia f\u00edsica, psicol\u00f3gica, sexual y de omisi\u00f3n de cuidados, motivo por el cual el Sistema para el Desarrollo Integral de la Familia (DIF) G\u00f3mez Palacio promueve la cultura de la denuncia con miras a frenar el que se sigan vulnerando sus derechos m\u00e1s elementales.<\/p>\n\n\n\n<p>La directora del DIF, Brenda Calder\u00f3n Carrete reconoci\u00f3 que en lo que va de la actual administraci\u00f3n encabezada por la presidenta municipal, Leticia Herrera Ale, la ciudadan\u00eda ha sido muy activa para reportar casos de omisi\u00f3n de cuidados en menores de edad.<\/p>\n\n\n\n<p>Record\u00f3 que los reportes o denuncias ciudadanas se pueden hacer v\u00eda telef\u00f3nica al tel\u00e9fono: 87 17 14 21 27, o bien escribiendo un mensaje de texto en las redes del DIF G\u00f3mez Palacio.<\/p>\n\n\n\n<p>\u201cTenemos la instrucci\u00f3n de la presidenta Leticia Herrera Ale de atender estos casos, de manera inmediata, con el objetivo de salvaguardar la integridad de los menores\u201d, se\u00f1al\u00f3 la directora del DIF\u201d, Calder\u00f3n Carrete.<\/p>\n\n\n\n<p>Finalmente, la funcionaria inform\u00f3 que diariamente, se registran hasta 6 reportes de omisi\u00f3n de cuidados, motivo por el cual est\u00e1 en constante comunicaci\u00f3n con dependencias como Seguridad P\u00fablica, Secretar\u00eda del Ayuntamiento, Procuradur\u00eda de la Mujer y Juzgados C\u00edvicos, para atender las denuncias a la brevedad posible.<\/p>\n","protected":false},"excerpt":{"rendered":"<p>Buscan brindar seguridad a ni\u00f1os y a adolescentes 01 de julio de 2023. Los ni\u00f1os, ni\u00f1as y adolescentes pueden estar expuestos a diferentes tipos de violencia f\u00edsica, psicol\u00f3gica, sexual y de omisi\u00f3n de cuidados, motivo por el cual el Sistema para el Desarrollo Integral de la Familia (DIF) G\u00f3mez Palacio promueve la cultura de la&#8230;<\/p>\n","protected":false},"author":1,"featured_media":464,"comment_status":"open","ping_status":"open","sticky":false,"template":"","format":"standard","meta":{"footnotes":""},"categories":[12],"tags":[],"class_list":["post-463","post","type-post","status-publish","format-standard","has-post-thumbnail","hentry","category-gomez-palacio"],"_links":{"self":[{"href":"https:\/\/lagumex.mx\/index\/wp-json\/wp\/v2\/posts\/463","targetHints":{"allow":["GET"]}}],"collection":[{"href":"https:\/\/lagumex.mx\/index\/wp-json\/wp\/v2\/posts"}],"about":[{"href":"https:\/\/lagumex.mx\/index\/wp-json\/wp\/v2\/types\/post"}],"author":[{"embeddable":true,"href":"https:\/\/lagumex.mx\/index\/wp-json\/wp\/v2\/users\/1"}],"replies":[{"embeddable":true,"href":"https:\/\/lagumex.mx\/index\/wp-json\/wp\/v2\/comments?post=463"}],"version-history":[{"count":1,"href":"https:\/\/lagumex.mx\/index\/wp-json\/wp\/v2\/posts\/463\/revisions"}],"predecessor-version":[{"id":465,"href":"https:\/\/lagumex.mx\/index\/wp-json\/wp\/v2\/posts\/463\/revisions\/465"}],"wp:featuredmedia":[{"embeddable":true,"href":"https:\/\/lagumex.mx\/index\/wp-json\/wp\/v2\/media\/464"}],"wp:attachment":[{"href":"https:\/\/lagumex.mx\/index\/wp-json\/wp\/v2\/media?parent=463"}],"wp:term":[{"taxonomy":"category","embeddable":true,"href":"https:\/\/lagumex.mx\/index\/wp-json\/wp\/v2\/categories?post=463"},{"taxonomy":"post_tag","embeddable":true,"href":"https:\/\/lagumex.mx\/index\/wp-json\/wp\/v2\/tags?post=463"}],"curies":[{"name":"wp","href":"https:\/\/api.w.org\/{rel}","templated":true}]}}