{"id":4627,"date":"2026-03-25T11:00:00","date_gmt":"2026-03-25T11:00:00","guid":{"rendered":"https:\/\/lagumex.mx\/index\/?p=4627"},"modified":"2026-03-26T23:02:22","modified_gmt":"2026-03-26T23:02:22","slug":"en-lerdo-sostienen-ultima-reunion-de-coordinacion-del-operativo-semana-santa-segura-2026","status":"publish","type":"post","link":"https:\/\/lagumex.mx\/index\/lerdo\/en-lerdo-sostienen-ultima-reunion-de-coordinacion-del-operativo-semana-santa-segura-2026\/","title":{"rendered":"En Lerdo sostienen \u00faltima reuni\u00f3n de coordinaci\u00f3n del operativo Semana Santa Segura 2026"},"content":{"rendered":"\n<p>25 de marzo de 2026.-<strong>Por instrucciones de la alcaldesa,\u00a0<\/strong><a href=\"https:\/\/www.elsiglodetorreon.com.mx\/noticia\/2026\/lerdo-buscara-endurecer-sanciones-tras-incendio-provocado-en-relleno-sanitario.html\" target=\"_blank\" rel=\"noreferrer noopener\">Susy Carolina Torrecillas Salazar<\/a><strong>, este mi\u00e9rcoles por la tarde se llev\u00f3 a cabo la \u00faltima reuni\u00f3n de coordinaci\u00f3n del operativo Semana Santa Segura 2026, encabezado por las dependencias municipales operativas como Protecci\u00f3n Civil y Bomberos, en colaboraci\u00f3n con los Buzos Laguna y Cruz Roja.<\/strong> La reuni\u00f3n se llev\u00f3 a cabo en el Sal\u00f3n Azul, encabezada por el Coordinador de Gabinete, Juan Jos\u00e9 Carrillo Aldaba, quien, a nombre de la Alcaldesa, agradeci\u00f3 a las y los directores del Gobierno Municipal, por sumarse a este operativo de\u00a0<strong>Semana Santa Segura<\/strong>, el cual est\u00e1 dise\u00f1ado para priorizar la atenci\u00f3n a la ciudadan\u00eda que se disponga a pasar el periodo vacacional en los m\u00faltiples escenarios que Lerdo les ofrece.  <strong>Sinhue de Jes\u00fas Ortiz, director de Protecci\u00f3n Civil,<\/strong>\u00a0destac\u00f3 el inter\u00e9s de la Presidenta Municipal, en reforzar el conocimiento previo para este operativo en cada una de las \u00e1reas operativas, pues record\u00f3 que en pasados d\u00edas, se imparti\u00f3 un curso taller sobre primeros auxilios.<\/p>\n","protected":false},"excerpt":{"rendered":"<p>25 de marzo de 2026.-Por instrucciones de la alcaldesa,\u00a0Susy Carolina Torrecillas Salazar, este mi\u00e9rcoles por la tarde se llev\u00f3 a cabo la \u00faltima reuni\u00f3n de coordinaci\u00f3n del operativo Semana Santa Segura 2026, encabezado por las dependencias municipales operativas como Protecci\u00f3n Civil y Bomberos, en colaboraci\u00f3n con los Buzos Laguna y Cruz Roja. La reuni\u00f3n se&#8230;<\/p>\n","protected":false},"author":1,"featured_media":4628,"comment_status":"open","ping_status":"open","sticky":false,"template":"","format":"standard","meta":{"footnotes":""},"categories":[3],"tags":[],"class_list":["post-4627","post","type-post","status-publish","format-standard","has-post-thumbnail","hentry","category-lerdo"],"_links":{"self":[{"href":"https:\/\/lagumex.mx\/index\/wp-json\/wp\/v2\/posts\/4627","targetHints":{"allow":["GET"]}}],"collection":[{"href":"https:\/\/lagumex.mx\/index\/wp-json\/wp\/v2\/posts"}],"about":[{"href":"https:\/\/lagumex.mx\/index\/wp-json\/wp\/v2\/types\/post"}],"author":[{"embeddable":true,"href":"https:\/\/lagumex.mx\/index\/wp-json\/wp\/v2\/users\/1"}],"replies":[{"embeddable":true,"href":"https:\/\/lagumex.mx\/index\/wp-json\/wp\/v2\/comments?post=4627"}],"version-history":[{"count":1,"href":"https:\/\/lagumex.mx\/index\/wp-json\/wp\/v2\/posts\/4627\/revisions"}],"predecessor-version":[{"id":4629,"href":"https:\/\/lagumex.mx\/index\/wp-json\/wp\/v2\/posts\/4627\/revisions\/4629"}],"wp:featuredmedia":[{"embeddable":true,"href":"https:\/\/lagumex.mx\/index\/wp-json\/wp\/v2\/media\/4628"}],"wp:attachment":[{"href":"https:\/\/lagumex.mx\/index\/wp-json\/wp\/v2\/media?parent=4627"}],"wp:term":[{"taxonomy":"category","embeddable":true,"href":"https:\/\/lagumex.mx\/index\/wp-json\/wp\/v2\/categories?post=4627"},{"taxonomy":"post_tag","embeddable":true,"href":"https:\/\/lagumex.mx\/index\/wp-json\/wp\/v2\/tags?post=4627"}],"curies":[{"name":"wp","href":"https:\/\/api.w.org\/{rel}","templated":true}]}}