{"id":4608,"date":"2026-03-03T15:09:42","date_gmt":"2026-03-03T15:09:42","guid":{"rendered":"https:\/\/lagumex.mx\/index\/?p=4608"},"modified":"2026-03-04T15:11:21","modified_gmt":"2026-03-04T15:11:21","slug":"realizan-simulacro-de-extraccion-vehicular-en-encuentro-regional-de-proteccion-civil-en-lerdo","status":"publish","type":"post","link":"https:\/\/lagumex.mx\/index\/lerdo\/realizan-simulacro-de-extraccion-vehicular-en-encuentro-regional-de-proteccion-civil-en-lerdo\/","title":{"rendered":"Realizan simulacro de extracci\u00f3n vehicular en Encuentro Regional de Protecci\u00f3n Civil en Lerdo"},"content":{"rendered":"\n<p>03 de marzo de 2026.- <strong>Con un simulacro de extracci\u00f3n vehicular y entrega de reconocimientos, concluy\u00f3 este martes el Encuentro regional y capacitaci\u00f3n para la Protecci\u00f3n Civil del Estado de Durango, evento que por primera vez se realiz\u00f3 en el municipio de Lerdo.<\/strong> Arturo Galindo Cabada, coordinador estatal de Protecci\u00f3n Civil dijo que este encuentro, permiti\u00f3 la actualizaci\u00f3n y capacitaci\u00f3n de los elementos de Protecci\u00f3n Civil, Seguridad P\u00fablica, Buzos Casta\u00f1eda y Cruz Roja Mexicana para la atenci\u00f3n a situaciones de emergencia, de una forma conjunta y ordenada. \u201cEs muy importante que las dependencias estemos capacitadas y coordinadas para poder trabajar en equipo, hoy este ejercicio se hace con la participaci\u00f3n de diferentes municipios, con sede aqu\u00ed en Lerdo\u201d, mencion\u00f3. Por su parte, la alcaldesa Susy Carolina Torrecillas Salazar, reconoci\u00f3 la labor de la Direcci\u00f3n de Protecci\u00f3n Civil y Bomberos que apoyaron en el incendio provocado en el relleno sanitario hace unos d\u00edas, adem\u00e1s de agradecer a los municipios de G\u00f3mez Palacio y Torre\u00f3n por el apoyo. Agreg\u00f3 que la participaci\u00f3n institucional es fundamental y se comprometi\u00f3 a seguir invirtiendo en materia de Protecci\u00f3n Civil.<\/p>\n","protected":false},"excerpt":{"rendered":"<p>03 de marzo de 2026.- Con un simulacro de extracci\u00f3n vehicular y entrega de reconocimientos, concluy\u00f3 este martes el Encuentro regional y capacitaci\u00f3n para la Protecci\u00f3n Civil del Estado de Durango, evento que por primera vez se realiz\u00f3 en el municipio de Lerdo. Arturo Galindo Cabada, coordinador estatal de Protecci\u00f3n Civil dijo que este encuentro,&#8230;<\/p>\n","protected":false},"author":1,"featured_media":4609,"comment_status":"open","ping_status":"open","sticky":false,"template":"","format":"standard","meta":{"footnotes":""},"categories":[3],"tags":[],"class_list":["post-4608","post","type-post","status-publish","format-standard","has-post-thumbnail","hentry","category-lerdo"],"_links":{"self":[{"href":"https:\/\/lagumex.mx\/index\/wp-json\/wp\/v2\/posts\/4608","targetHints":{"allow":["GET"]}}],"collection":[{"href":"https:\/\/lagumex.mx\/index\/wp-json\/wp\/v2\/posts"}],"about":[{"href":"https:\/\/lagumex.mx\/index\/wp-json\/wp\/v2\/types\/post"}],"author":[{"embeddable":true,"href":"https:\/\/lagumex.mx\/index\/wp-json\/wp\/v2\/users\/1"}],"replies":[{"embeddable":true,"href":"https:\/\/lagumex.mx\/index\/wp-json\/wp\/v2\/comments?post=4608"}],"version-history":[{"count":1,"href":"https:\/\/lagumex.mx\/index\/wp-json\/wp\/v2\/posts\/4608\/revisions"}],"predecessor-version":[{"id":4610,"href":"https:\/\/lagumex.mx\/index\/wp-json\/wp\/v2\/posts\/4608\/revisions\/4610"}],"wp:featuredmedia":[{"embeddable":true,"href":"https:\/\/lagumex.mx\/index\/wp-json\/wp\/v2\/media\/4609"}],"wp:attachment":[{"href":"https:\/\/lagumex.mx\/index\/wp-json\/wp\/v2\/media?parent=4608"}],"wp:term":[{"taxonomy":"category","embeddable":true,"href":"https:\/\/lagumex.mx\/index\/wp-json\/wp\/v2\/categories?post=4608"},{"taxonomy":"post_tag","embeddable":true,"href":"https:\/\/lagumex.mx\/index\/wp-json\/wp\/v2\/tags?post=4608"}],"curies":[{"name":"wp","href":"https:\/\/api.w.org\/{rel}","templated":true}]}}