{"id":4584,"date":"2026-02-19T01:40:46","date_gmt":"2026-02-19T01:40:46","guid":{"rendered":"https:\/\/lagumex.mx\/index\/?p=4584"},"modified":"2026-02-28T01:42:17","modified_gmt":"2026-02-28T01:42:17","slug":"susy-torrecillas-encabeza-acto-civico-por-el-113-aniversario-del-ejercito-mexicano","status":"publish","type":"post","link":"https:\/\/lagumex.mx\/index\/lerdo\/susy-torrecillas-encabeza-acto-civico-por-el-113-aniversario-del-ejercito-mexicano\/","title":{"rendered":"Susy Torrecillas encabeza acto c\u00edvico por el 113 aniversario del Ej\u00e9rcito Mexicano"},"content":{"rendered":"\n<p><strong>19 de febrero de 2029.- Este jueves, la alcaldesa, Susy Carolina Torrecillas Salazar, encabez\u00f3 el acto c\u00edvico conmemorativo del 113 Aniversario del D\u00eda del Ej\u00e9rcito Mexicano, en reconocimiento a su labor permanente en favor del pa\u00eds.<\/strong>  La ceremonia se desarroll\u00f3 en el estacionamiento de la\u00a0<strong>Direcci\u00f3n de Seguridad P\u00fablica Municipal<\/strong>\u00a0y cont\u00f3 con la presencia del Comandante del 72 Batall\u00f3n de Infanter\u00eda, Coronel de Infanter\u00eda de Estado Mayor Fernando Rosas Clemente; el secretario del Ayuntamiento, Aldo Rubio Mart\u00ednez; el secretario t\u00e9cnico, Juan Jos\u00e9 Carrillo Aldaba; la s\u00edndica municipal, Esmirna Guti\u00e9rrez Soto; as\u00ed como la directora de Educaci\u00f3n, Alejandra Rodr\u00edguez C\u00f3rdova, y regidores.Con la finalidad de enaltecer el trabajo que desempe\u00f1an diariamente las\u00a0<strong>Fuerzas Armadas\u00a0<\/strong>y su intervenci\u00f3n ante contingencias, el\u00a0<strong>Ayuntamiento de Lerdo\u00a0<\/strong>conmemor\u00f3 esta fecha mediante un acto solemne. Durante su intervenci\u00f3n, el\u00a0<strong>Comandante del 72 Batall\u00f3n de Infanter\u00eda, Fernando Rosas Clemente,\u00a0<\/strong>agradeci\u00f3 la atenci\u00f3n y disposici\u00f3n del Gobierno Municipal para conmemorar un evento de relevancia para las Fuerzas Armadas. Record\u00f3 que el origen del Ej\u00e9rcito Mexicano se remonta al 19 de febrero de 1913, cuando el XXII Congreso del Estado de Coahuila promulg\u00f3 el Decreto No. 1421, mediante el cual se desconoci\u00f3 el gobierno de Victoriano Huerta \u2014quien usurp\u00f3 la presidencia de Francisco I. Madero\u2014 y se facult\u00f3 al entonces gobernador Venustiano Carranza para integrar una fuerza armada y restituir el orden constitucional con base en la Constituci\u00f3n de 1857.<\/p>\n","protected":false},"excerpt":{"rendered":"<p>19 de febrero de 2029.- Este jueves, la alcaldesa, Susy Carolina Torrecillas Salazar, encabez\u00f3 el acto c\u00edvico conmemorativo del 113 Aniversario del D\u00eda del Ej\u00e9rcito Mexicano, en reconocimiento a su labor permanente en favor del pa\u00eds. La ceremonia se desarroll\u00f3 en el estacionamiento de la\u00a0Direcci\u00f3n de Seguridad P\u00fablica Municipal\u00a0y cont\u00f3 con la presencia del Comandante&#8230;<\/p>\n","protected":false},"author":1,"featured_media":4585,"comment_status":"open","ping_status":"open","sticky":false,"template":"","format":"standard","meta":{"footnotes":""},"categories":[3],"tags":[],"class_list":["post-4584","post","type-post","status-publish","format-standard","has-post-thumbnail","hentry","category-lerdo"],"_links":{"self":[{"href":"https:\/\/lagumex.mx\/index\/wp-json\/wp\/v2\/posts\/4584","targetHints":{"allow":["GET"]}}],"collection":[{"href":"https:\/\/lagumex.mx\/index\/wp-json\/wp\/v2\/posts"}],"about":[{"href":"https:\/\/lagumex.mx\/index\/wp-json\/wp\/v2\/types\/post"}],"author":[{"embeddable":true,"href":"https:\/\/lagumex.mx\/index\/wp-json\/wp\/v2\/users\/1"}],"replies":[{"embeddable":true,"href":"https:\/\/lagumex.mx\/index\/wp-json\/wp\/v2\/comments?post=4584"}],"version-history":[{"count":1,"href":"https:\/\/lagumex.mx\/index\/wp-json\/wp\/v2\/posts\/4584\/revisions"}],"predecessor-version":[{"id":4586,"href":"https:\/\/lagumex.mx\/index\/wp-json\/wp\/v2\/posts\/4584\/revisions\/4586"}],"wp:featuredmedia":[{"embeddable":true,"href":"https:\/\/lagumex.mx\/index\/wp-json\/wp\/v2\/media\/4585"}],"wp:attachment":[{"href":"https:\/\/lagumex.mx\/index\/wp-json\/wp\/v2\/media?parent=4584"}],"wp:term":[{"taxonomy":"category","embeddable":true,"href":"https:\/\/lagumex.mx\/index\/wp-json\/wp\/v2\/categories?post=4584"},{"taxonomy":"post_tag","embeddable":true,"href":"https:\/\/lagumex.mx\/index\/wp-json\/wp\/v2\/tags?post=4584"}],"curies":[{"name":"wp","href":"https:\/\/api.w.org\/{rel}","templated":true}]}}