{"id":4570,"date":"2026-02-27T01:30:22","date_gmt":"2026-02-27T01:30:22","guid":{"rendered":"https:\/\/lagumex.mx\/index\/?p=4570"},"modified":"2026-02-28T01:32:02","modified_gmt":"2026-02-28T01:32:02","slug":"en-sesion-extraordinaria-cabildo-de-lerdo-aprueba-adquisicion-de-tres-lotes-de-parque-vehicular","status":"publish","type":"post","link":"https:\/\/lagumex.mx\/index\/lerdo\/en-sesion-extraordinaria-cabildo-de-lerdo-aprueba-adquisicion-de-tres-lotes-de-parque-vehicular\/","title":{"rendered":"En sesi\u00f3n extraordinaria, Cabildo de Lerdo aprueba adquisici\u00f3n de tres lotes de parque vehicular"},"content":{"rendered":"\n<p>27 de febrero de 2026.- <strong>Durante la cuarta sesi\u00f3n extraordinaria, el Cabildo de Lerdo aprob\u00f3 este viernes la autorizaci\u00f3n para la adquisici\u00f3n de tres lotes de parque vehicular destinados a fortalecer las \u00e1reas operativas del municipio. El m\u00e1ximo \u00f3rgano de autoridad en el Municipio, someti\u00f3 a votaci\u00f3n la suscripci\u00f3n del contrato para la adquisici\u00f3n de las unidades, cumpliendo con lo establecido en la Ley de Adquisiciones, Arrendamientos y Servicios. La propuesta fue avalada por unanimidad del pleno.<\/strong> <\/p>\n\n\n\n<p>De igual manera, se ratific\u00f3 por unanimidad la contrataci\u00f3n previamente suscrita para la adquisici\u00f3n de diez camiones recolectores de basura con caja compactadora de 21 yardas c\u00fabicas, con funcionamiento a gas natural licuado, correspondiente a un proceso de licitaci\u00f3n p\u00fablica. En Asuntos Generales, la alcaldesa de la ciudad, Susy Torrecillas reconoci\u00f3 la necesidad de renovar el parque vehicular municipal, ya que una parte importante de las unidades actualmente en operaci\u00f3n se encuentra en malas condiciones, lo que limita la eficiencia en la prestaci\u00f3n de los servicios p\u00fablicos. La cuarta sesi\u00f3n extraordinaria, se llev\u00f3 a cabo en el Lobby del Teatro Hermila Galindo y se inform\u00f3 que con dicha autorizaci\u00f3n, se fortalecer\u00e1 la infraestructura operativa y por ende, mejorar\u00e1 la calidad de los servicios que se brindan a la ciudadan\u00eda.<\/p>\n","protected":false},"excerpt":{"rendered":"<p>27 de febrero de 2026.- Durante la cuarta sesi\u00f3n extraordinaria, el Cabildo de Lerdo aprob\u00f3 este viernes la autorizaci\u00f3n para la adquisici\u00f3n de tres lotes de parque vehicular destinados a fortalecer las \u00e1reas operativas del municipio. El m\u00e1ximo \u00f3rgano de autoridad en el Municipio, someti\u00f3 a votaci\u00f3n la suscripci\u00f3n del contrato para la adquisici\u00f3n de&#8230;<\/p>\n","protected":false},"author":1,"featured_media":4571,"comment_status":"open","ping_status":"open","sticky":false,"template":"","format":"standard","meta":{"footnotes":""},"categories":[3],"tags":[],"class_list":["post-4570","post","type-post","status-publish","format-standard","has-post-thumbnail","hentry","category-lerdo"],"_links":{"self":[{"href":"https:\/\/lagumex.mx\/index\/wp-json\/wp\/v2\/posts\/4570","targetHints":{"allow":["GET"]}}],"collection":[{"href":"https:\/\/lagumex.mx\/index\/wp-json\/wp\/v2\/posts"}],"about":[{"href":"https:\/\/lagumex.mx\/index\/wp-json\/wp\/v2\/types\/post"}],"author":[{"embeddable":true,"href":"https:\/\/lagumex.mx\/index\/wp-json\/wp\/v2\/users\/1"}],"replies":[{"embeddable":true,"href":"https:\/\/lagumex.mx\/index\/wp-json\/wp\/v2\/comments?post=4570"}],"version-history":[{"count":1,"href":"https:\/\/lagumex.mx\/index\/wp-json\/wp\/v2\/posts\/4570\/revisions"}],"predecessor-version":[{"id":4572,"href":"https:\/\/lagumex.mx\/index\/wp-json\/wp\/v2\/posts\/4570\/revisions\/4572"}],"wp:featuredmedia":[{"embeddable":true,"href":"https:\/\/lagumex.mx\/index\/wp-json\/wp\/v2\/media\/4571"}],"wp:attachment":[{"href":"https:\/\/lagumex.mx\/index\/wp-json\/wp\/v2\/media?parent=4570"}],"wp:term":[{"taxonomy":"category","embeddable":true,"href":"https:\/\/lagumex.mx\/index\/wp-json\/wp\/v2\/categories?post=4570"},{"taxonomy":"post_tag","embeddable":true,"href":"https:\/\/lagumex.mx\/index\/wp-json\/wp\/v2\/tags?post=4570"}],"curies":[{"name":"wp","href":"https:\/\/api.w.org\/{rel}","templated":true}]}}