{"id":4567,"date":"2026-02-02T01:17:43","date_gmt":"2026-02-02T01:17:43","guid":{"rendered":"https:\/\/lagumex.mx\/index\/?p=4567"},"modified":"2026-02-28T01:18:41","modified_gmt":"2026-02-28T01:18:41","slug":"biblioteca-del-congreso-se-consolida-como-espacio-cultural-y-promocion-historica","status":"publish","type":"post","link":"https:\/\/lagumex.mx\/index\/uncategorized\/congreso-de-durango\/biblioteca-del-congreso-se-consolida-como-espacio-cultural-y-promocion-historica\/","title":{"rendered":"Biblioteca del Congreso se consolida como espacio cultural y promoci\u00f3n hist\u00f3rica"},"content":{"rendered":"\n<p>02 de febrero de 2026.- La Biblioteca del Congreso del Estado consolida su papel como espacio cultural y de promoci\u00f3n hist\u00f3rica, con actividades conmemorativas, homenajes a personajes duranguenses y el impulso a la actualizaci\u00f3n del libro Historia del Poder Legislativo, adem\u00e1s de avanzar en la digitalizaci\u00f3n de archivos y servicios que acercan el Congreso a estudiantes y a la ciudadan\u00eda en general.<\/p>\n\n\n\n<p>En entrevista, el director de la Biblioteca del Poder Legislativo, Jaime Herrera Valenzuela, explic\u00f3 que, por instrucciones del presidente de la Junta de Gobierno y Coordinaci\u00f3n Pol\u00edtica, Ernesto Alan\u00eds, este espacio de la C\u00e1mara local impulsa una agenda cultural permanente que acompa\u00f1a su labor bibliogr\u00e1fica, con actividades vinculadas a fechas conmemorativas y personajes ilustres de Durango.<\/p>\n\n\n\n<p>Entre los proyectos prioritarios, inform\u00f3 que se encuentra la actualizaci\u00f3n del libro sobre la historia y evoluci\u00f3n del Congreso del Estado, la cual contempla cinco legislaturas pendientes, as\u00ed como la incorporaci\u00f3n de los personajes recientemente inscritos con letras de oro, material fotogr\u00e1fico y los cambios en la estructura org\u00e1nica del Poder Legislativo.<\/p>\n\n\n\n<p>\u201cEs una actualizaci\u00f3n integral, va desde el aspecto f\u00edsico del Congreso, las nuevas leyes y reformas aprobadas, hasta el registro hist\u00f3rico de quienes hoy forman parte del Muro de Honor\u201d, explic\u00f3.<\/p>\n\n\n\n<p>Asimismo, subray\u00f3 la relevancia del Archivo Hist\u00f3rico Legislativo, que resguarda decretos, debates y documentos desde los a\u00f1os 1857 y 1858, y que actualmente cuenta con cerca de seis millones de elementos digitalizados, lo que representa un acervo de gran valor para investigadores, estudiantes y ciudadan\u00eda en general.<\/p>\n\n\n\n<p>Destac\u00f3 tambi\u00e9n los servicios que la Biblioteca ofrece de manera cotidiana, especialmente a estudiantes, como acceso a internet, fotocopiado y espacios adecuados para el estudio, adem\u00e1s de fomentar una imagen distinta del Congreso.<\/p>\n\n\n\n<p>\u201cQueremos que este espacio sea un punto de encuentro cultural. Adem\u00e1s del servicio de biblioteca, realizamos conferencias, mesas de an\u00e1lisis, presentaciones de libros, lectura de poemas y actividades relacionadas con efem\u00e9rides y personajes hist\u00f3ricos duranguenses\u201d, se\u00f1al\u00f3.<\/p>\n\n\n\n<p>Como parte de estas acciones, destac\u00f3 el reciente homenaje por un aniversario m\u00e1s del natalicio de Juana Bel\u00e9n Guti\u00e9rrez, figura clave del feminismo y la Revoluci\u00f3n Mexicana, originaria de San Juan del R\u00edo. Detall\u00f3 que se conform\u00f3 un comit\u00e9 con la finalidad de gestionar ante el ayuntamiento de ese municipio la solicitud formal para que su nombre sea inscrito con letras de oro en el Muro de Honor del Congreso del Estado.<\/p>\n\n\n\n<p>En cuanto a los planes para este a\u00f1o, anunci\u00f3 que en el mes de julio participar\u00e1n en una reuni\u00f3n nacional de directores de bibliotecas legislativas en Aguascalientes, con el objetivo de conocer avances tecnol\u00f3gicos y modelos de digitalizaci\u00f3n que permitan modernizar el servicio bibliotecario.<\/p>\n\n\n\n<p>Finalmente, resalt\u00f3 las acciones permanentes de fomento a la lectura, como las visitas quincenales a escuelas en coordinaci\u00f3n con la Secretar\u00eda de Educaci\u00f3n, donde se realizan actividades para incentivar el h\u00e1bito lector entre ni\u00f1as y ni\u00f1os.<\/p>\n","protected":false},"excerpt":{"rendered":"<p>02 de febrero de 2026.- La Biblioteca del Congreso del Estado consolida su papel como espacio cultural y de promoci\u00f3n hist\u00f3rica, con actividades conmemorativas, homenajes a personajes duranguenses y el impulso a la actualizaci\u00f3n del libro Historia del Poder Legislativo, adem\u00e1s de avanzar en la digitalizaci\u00f3n de archivos y servicios que acercan el Congreso a&#8230;<\/p>\n","protected":false},"author":1,"featured_media":4568,"comment_status":"open","ping_status":"open","sticky":false,"template":"","format":"standard","meta":{"footnotes":""},"categories":[13],"tags":[],"class_list":["post-4567","post","type-post","status-publish","format-standard","has-post-thumbnail","hentry","category-congreso-de-durango"],"_links":{"self":[{"href":"https:\/\/lagumex.mx\/index\/wp-json\/wp\/v2\/posts\/4567","targetHints":{"allow":["GET"]}}],"collection":[{"href":"https:\/\/lagumex.mx\/index\/wp-json\/wp\/v2\/posts"}],"about":[{"href":"https:\/\/lagumex.mx\/index\/wp-json\/wp\/v2\/types\/post"}],"author":[{"embeddable":true,"href":"https:\/\/lagumex.mx\/index\/wp-json\/wp\/v2\/users\/1"}],"replies":[{"embeddable":true,"href":"https:\/\/lagumex.mx\/index\/wp-json\/wp\/v2\/comments?post=4567"}],"version-history":[{"count":1,"href":"https:\/\/lagumex.mx\/index\/wp-json\/wp\/v2\/posts\/4567\/revisions"}],"predecessor-version":[{"id":4569,"href":"https:\/\/lagumex.mx\/index\/wp-json\/wp\/v2\/posts\/4567\/revisions\/4569"}],"wp:featuredmedia":[{"embeddable":true,"href":"https:\/\/lagumex.mx\/index\/wp-json\/wp\/v2\/media\/4568"}],"wp:attachment":[{"href":"https:\/\/lagumex.mx\/index\/wp-json\/wp\/v2\/media?parent=4567"}],"wp:term":[{"taxonomy":"category","embeddable":true,"href":"https:\/\/lagumex.mx\/index\/wp-json\/wp\/v2\/categories?post=4567"},{"taxonomy":"post_tag","embeddable":true,"href":"https:\/\/lagumex.mx\/index\/wp-json\/wp\/v2\/tags?post=4567"}],"curies":[{"name":"wp","href":"https:\/\/api.w.org\/{rel}","templated":true}]}}