{"id":4564,"date":"2026-02-05T01:16:47","date_gmt":"2026-02-05T01:16:47","guid":{"rendered":"https:\/\/lagumex.mx\/index\/?p=4564"},"modified":"2026-02-28T01:17:23","modified_gmt":"2026-02-28T01:17:23","slug":"el-poder-debe-adaptarse-a-la-constitucion-alanis-herrera","status":"publish","type":"post","link":"https:\/\/lagumex.mx\/index\/uncategorized\/congreso-de-durango\/el-poder-debe-adaptarse-a-la-constitucion-alanis-herrera\/","title":{"rendered":"El poder debe adaptarse a la Constituci\u00f3n: Alan\u00eds Herrera"},"content":{"rendered":"\n<p>05 de febrero de 2026.- En el marco del 109 Aniversario de la Promulgaci\u00f3n de la Constituci\u00f3n Pol\u00edtica de los Estados Unidos Mexicanos, el presidente de la Junta de Gobierno del Congreso del Estado, Ernesto Alan\u00eds Herrera, afirm\u00f3 que la Constituci\u00f3n no se adapta al poder, sino que es el poder el que debe ajustarse a ella, al ser el l\u00edmite leg\u00edtimo de la autoridad y la principal garant\u00eda de las libertades, los derechos y el equilibrio institucional del pa\u00eds.<\/p>\n\n\n\n<p>\u201cLa Constituci\u00f3n es un instrumento vivo, s\u00ed, pero no maleable al capricho del momento. Su fortaleza radica en que pone l\u00edmites claros al poder y protege, por encima de todo, los derechos de las personas\u201d, resalt\u00f3 durante el acto protocolario, en el que se cont\u00f3 con la presencia de la presidenta del Tribunal de Justicia Disciplinaria, Selene Soto Rodr\u00edguez, y del consejero jur\u00eddico del Gobierno del Estado, Luis Arturo Azpilcueta Garc\u00eda.<\/p>\n\n\n\n<p>Alan\u00eds Herrera, destac\u00f3 que la Constituci\u00f3n no es un obst\u00e1culo para el poder, es su frontera leg\u00edtima, la cual fue concebida para evitar que, en nombre de mayor\u00edas circunstanciales o coyunturas pol\u00edticas, se concentre la autoridad, se debiliten los contrapesos o se desdibujen los derechos, donde cada reforma y cada ley contribuyan a reducir la desigualdad y a garantizar un futuro con derechos para las nuevas generaciones.<\/p>\n\n\n\n<p>Por su parte, el diputado de Movimiento Ciudadano, Mart\u00edn Vivanco Lira, reconoci\u00f3 la importancia hist\u00f3rica de la Constituci\u00f3n de 1917 como la primera en el mundo en garantizar derechos sociales, pero advirti\u00f3 que actualmente el pa\u00eds enfrenta una crisis constitucional, derivada de reformas excesivas y del debilitamiento de la fuerza normativa de la Carta Magna.<\/p>\n\n\n\n<p>\u201cSe ha reformado la Constituci\u00f3n m\u00e1s de 700 veces, incorporando temas que no deber\u00edan estar ah\u00ed, lo que le ha quitado coherencia y fuerza jur\u00eddica\u201d, se\u00f1al\u00f3, al manifestar su preocupaci\u00f3n por la concentraci\u00f3n del poder y por reformas que buscan debilitar los contrapesos democr\u00e1ticos, como la reforma judicial y la restricci\u00f3n al juicio de amparo.<\/p>\n\n\n\n<p>En su participaci\u00f3n, el profesor e investigador de la Universidad Ju\u00e1rez del Estado de Durango, Dr. Miguel \u00c1ngel Rodr\u00edguez V\u00e1zquez, afirm\u00f3 que conmemorar la Constituci\u00f3n no debe limitarse a un ejercicio de memoria hist\u00f3rica, sino a una reflexi\u00f3n profunda sobre su papel actual en la vida p\u00fablica del pa\u00eds, ya que la sobre reforma ha afectado su sistematicidad y su funci\u00f3n cr\u00edtica como l\u00edmite al poder.<\/p>\n\n\n\n<p>\u201cEl reto no es reformarla constantemente, sino respetarla, cumplirla y fortalecer su eficacia real\u2026La Constituci\u00f3n vive cuando frena abusos, cuando protege los derechos humanos y cuando le recuerda al poder que no le est\u00e1 permitido hacer todo\u201d, enfatiz\u00f3.<\/p>\n\n\n\n<p>A su vez, el coordinador del Grupo Parlamentario del PAN, Alejandro Mojica Narvaez, alert\u00f3 que la Constituci\u00f3n enfrenta riesgos ante reformas impulsadas para concentrar el poder y debilitar instituciones y contrapesos democr\u00e1ticos.<\/p>\n\n\n\n<p>\u201cCuando se intenta someter al Poder Judicial o a los \u00f3rganos aut\u00f3nomos, lo que se pone en peligro no es a una instituci\u00f3n, sino a la Constituci\u00f3n y a los derechos de todas y todos\u201d, sostuvo.<\/p>\n\n\n\n<p>Finalmente, en representaci\u00f3n de la coalici\u00f3n de la Cuarta Transformaci\u00f3n, los diputados H\u00e9ctor Herrera N\u00fa\u00f1ez y Osbaldo Santill\u00e1n destacaron que la Constituci\u00f3n contempla las demandas del pueblo y se\u00f1alaron que la responsabilidad de las y los legisladores es convertir sus principios en leyes que beneficien directamente a las personas.<\/p>\n","protected":false},"excerpt":{"rendered":"<p>05 de febrero de 2026.- En el marco del 109 Aniversario de la Promulgaci\u00f3n de la Constituci\u00f3n Pol\u00edtica de los Estados Unidos Mexicanos, el presidente de la Junta de Gobierno del Congreso del Estado, Ernesto Alan\u00eds Herrera, afirm\u00f3 que la Constituci\u00f3n no se adapta al poder, sino que es el poder el que debe ajustarse&#8230;<\/p>\n","protected":false},"author":1,"featured_media":4565,"comment_status":"open","ping_status":"open","sticky":false,"template":"","format":"standard","meta":{"footnotes":""},"categories":[13],"tags":[],"class_list":["post-4564","post","type-post","status-publish","format-standard","has-post-thumbnail","hentry","category-congreso-de-durango"],"_links":{"self":[{"href":"https:\/\/lagumex.mx\/index\/wp-json\/wp\/v2\/posts\/4564","targetHints":{"allow":["GET"]}}],"collection":[{"href":"https:\/\/lagumex.mx\/index\/wp-json\/wp\/v2\/posts"}],"about":[{"href":"https:\/\/lagumex.mx\/index\/wp-json\/wp\/v2\/types\/post"}],"author":[{"embeddable":true,"href":"https:\/\/lagumex.mx\/index\/wp-json\/wp\/v2\/users\/1"}],"replies":[{"embeddable":true,"href":"https:\/\/lagumex.mx\/index\/wp-json\/wp\/v2\/comments?post=4564"}],"version-history":[{"count":1,"href":"https:\/\/lagumex.mx\/index\/wp-json\/wp\/v2\/posts\/4564\/revisions"}],"predecessor-version":[{"id":4566,"href":"https:\/\/lagumex.mx\/index\/wp-json\/wp\/v2\/posts\/4564\/revisions\/4566"}],"wp:featuredmedia":[{"embeddable":true,"href":"https:\/\/lagumex.mx\/index\/wp-json\/wp\/v2\/media\/4565"}],"wp:attachment":[{"href":"https:\/\/lagumex.mx\/index\/wp-json\/wp\/v2\/media?parent=4564"}],"wp:term":[{"taxonomy":"category","embeddable":true,"href":"https:\/\/lagumex.mx\/index\/wp-json\/wp\/v2\/categories?post=4564"},{"taxonomy":"post_tag","embeddable":true,"href":"https:\/\/lagumex.mx\/index\/wp-json\/wp\/v2\/tags?post=4564"}],"curies":[{"name":"wp","href":"https:\/\/api.w.org\/{rel}","templated":true}]}}