{"id":4561,"date":"2026-02-06T01:14:52","date_gmt":"2026-02-06T01:14:52","guid":{"rendered":"https:\/\/lagumex.mx\/index\/?p=4561"},"modified":"2026-02-28T01:16:14","modified_gmt":"2026-02-28T01:16:14","slug":"promueve-sughey-torres-salud-menstrual-digna-para-mujeres-en-reclusion","status":"publish","type":"post","link":"https:\/\/lagumex.mx\/index\/uncategorized\/congreso-de-durango\/promueve-sughey-torres-salud-menstrual-digna-para-mujeres-en-reclusion\/","title":{"rendered":"Promueve Sughey Torres salud menstrual digna para mujeres en reclusi\u00f3n"},"content":{"rendered":"\n<p>06 de febrero de 2026.- A propuesta de la diputada Sughey Torres Rodr\u00edguez, y por unanimidad de la Comisi\u00f3n Permanente, el Congreso del Estado implementar\u00e1 un centro de acopio de productos de higiene menstrual, los cuales ser\u00e1n distribuidos entre la poblaci\u00f3n femenina en reclusi\u00f3n, con el objetivo de promover la salud menstrual y la menstruaci\u00f3n digna como parte del derecho humano a la salud.<\/p>\n\n\n\n<p>Durante su intervenci\u00f3n, la legisladora del Grupo Parlamentario del PRI, destac\u00f3 que hist\u00f3ricamente los temas relacionados con la salud de las mujeres, en particular la menstruaci\u00f3n, han sido limitados por tab\u00faes sociales y culturales que han impedido su discusi\u00f3n abierta, ya que a\u00fan persisten barreras para que estos temas se expresen de manera com\u00fan y sin prejuicios, muchas veces incluso en los propios entornos familiares.<\/p>\n\n\n\n<p>Sughey Torres subray\u00f3 que la salud menstrual no es un asunto privado ni secundario, sino un tema estructural que impacta directamente en la igualdad, la educaci\u00f3n, el trabajo y la dignidad de las mujeres, tal como lo ha reconocido la Organizaci\u00f3n Mundial de la Salud, donde la falta de acceso a productos menstruales genera riesgos sanitarios, afectaciones a la salud mental y profundiza las brechas de desigualdad.<\/p>\n\n\n\n<p>En ese sentido, enfatiz\u00f3 la necesidad de dirigir acciones concretas hacia los sectores donde las condiciones son m\u00e1s cr\u00edticas, como los centros penitenciarios, donde las mujeres enfrentan limitaciones estructurales que vulneran su dignidad menstrual.<\/p>\n\n\n\n<p>Al sumarse al punto de acuerdo, la diputada Delia Enr\u00edquez Arriaga manifest\u00f3 el respaldo de la bancada de la Cuarta Transformaci\u00f3n, recordando que el pasado 27 de mayo de 2025 se aprobaron reformas a la Ley de Salud del Estado en materia de salud y dignidad menstrual, incluyendo acciones de recaudaci\u00f3n de productos de higiene para mujeres privadas de la libertad.<\/p>\n\n\n\n<p>La legisladora se\u00f1al\u00f3 que, de acuerdo con el Censo Nacional del Sistema Penitenciario del INEGI, en Durango existen tres mil 887 personas privadas de la libertad, de las cuales 252 son mujeres, lo que coloca al estado entre los primeros lugares a nivel nacional en tasa de mujeres en reclusi\u00f3n. En este contexto, advirti\u00f3 que la falta de productos de higiene menstrual constituye una violaci\u00f3n a los derechos humanos y una afectaci\u00f3n directa a la salud y dignidad de las mujeres.<\/p>\n\n\n\n<p>\u201cNuestro deber es hacer visibles las voces hist\u00f3ricamente ignoradas y garantizar que ninguna mujer vuelva a enfrentar su menstruaci\u00f3n con miedo, verg\u00fcenza o riesgo, sin importar la situaci\u00f3n en la que se encuentre\u201d, finaliz\u00f3 la representante popular.<\/p>\n","protected":false},"excerpt":{"rendered":"<p>06 de febrero de 2026.- A propuesta de la diputada Sughey Torres Rodr\u00edguez, y por unanimidad de la Comisi\u00f3n Permanente, el Congreso del Estado implementar\u00e1 un centro de acopio de productos de higiene menstrual, los cuales ser\u00e1n distribuidos entre la poblaci\u00f3n femenina en reclusi\u00f3n, con el objetivo de promover la salud menstrual y la menstruaci\u00f3n&#8230;<\/p>\n","protected":false},"author":1,"featured_media":4562,"comment_status":"open","ping_status":"open","sticky":false,"template":"","format":"standard","meta":{"footnotes":""},"categories":[13],"tags":[],"class_list":["post-4561","post","type-post","status-publish","format-standard","has-post-thumbnail","hentry","category-congreso-de-durango"],"_links":{"self":[{"href":"https:\/\/lagumex.mx\/index\/wp-json\/wp\/v2\/posts\/4561","targetHints":{"allow":["GET"]}}],"collection":[{"href":"https:\/\/lagumex.mx\/index\/wp-json\/wp\/v2\/posts"}],"about":[{"href":"https:\/\/lagumex.mx\/index\/wp-json\/wp\/v2\/types\/post"}],"author":[{"embeddable":true,"href":"https:\/\/lagumex.mx\/index\/wp-json\/wp\/v2\/users\/1"}],"replies":[{"embeddable":true,"href":"https:\/\/lagumex.mx\/index\/wp-json\/wp\/v2\/comments?post=4561"}],"version-history":[{"count":1,"href":"https:\/\/lagumex.mx\/index\/wp-json\/wp\/v2\/posts\/4561\/revisions"}],"predecessor-version":[{"id":4563,"href":"https:\/\/lagumex.mx\/index\/wp-json\/wp\/v2\/posts\/4561\/revisions\/4563"}],"wp:featuredmedia":[{"embeddable":true,"href":"https:\/\/lagumex.mx\/index\/wp-json\/wp\/v2\/media\/4562"}],"wp:attachment":[{"href":"https:\/\/lagumex.mx\/index\/wp-json\/wp\/v2\/media?parent=4561"}],"wp:term":[{"taxonomy":"category","embeddable":true,"href":"https:\/\/lagumex.mx\/index\/wp-json\/wp\/v2\/categories?post=4561"},{"taxonomy":"post_tag","embeddable":true,"href":"https:\/\/lagumex.mx\/index\/wp-json\/wp\/v2\/tags?post=4561"}],"curies":[{"name":"wp","href":"https:\/\/api.w.org\/{rel}","templated":true}]}}