{"id":4552,"date":"2026-02-17T01:09:46","date_gmt":"2026-02-17T01:09:46","guid":{"rendered":"https:\/\/lagumex.mx\/index\/?p=4552"},"modified":"2026-02-28T01:11:09","modified_gmt":"2026-02-28T01:11:09","slug":"legislaremos-por-las-familias-duranguenses-alejandro-mojica","status":"publish","type":"post","link":"https:\/\/lagumex.mx\/index\/uncategorized\/congreso-de-durango\/legislaremos-por-las-familias-duranguenses-alejandro-mojica\/","title":{"rendered":"Legislaremos por las familias duranguenses: Alejandro Mojica"},"content":{"rendered":"\n<p>17 de febrero de 2026.- \u201cEl inicio del Segundo Periodo Ordinario del Segundo A\u00f1o Legislativo representa una nueva oportunidad para servir, escuchar y responder a la confianza de la ciudadan\u00eda, con el firme prop\u00f3sito de legislar por las familias duranguenses, fortaleciendo su presente y cuidando su futuro\u201d, afirm\u00f3 el coordinador del Grupo Parlamentario del PAN, Alejandro Mojica Narvaez.<\/p>\n\n\n\n<p>Durante la primera sesi\u00f3n ordinaria y hacer uso de la tribuna, se\u00f1al\u00f3 que cada decisi\u00f3n que se toma en el Poder Legislativo impacta directamente en la vida de las personas, por lo que el trabajo parlamentario debe tener sensibilidad social y resultados concretos.<\/p>\n\n\n\n<p>\u201cDetr\u00e1s de cada decisi\u00f3n que se toma en este Congreso, hay rostros, hay familias, hay historias reales que esperan soluciones y resultados, por eso nuestra convicci\u00f3n es legislar para mejorar la vida de las personas, no solo para llenar p\u00e1ginas de leyes\u201d, expres\u00f3.<\/p>\n\n\n\n<p>En este sentido, Mojica Narvaez inform\u00f3 que durante este periodo se impulsar\u00e1n tres ejes prioritarios; el desarrollo econ\u00f3mico sustentable y fortalecimiento del campo, iniciativas que generen empleo y apoyen a emprendedores; seguridad y justicia, con reformas que fortalezcan instituciones y coordinaci\u00f3n gubernamental; y el fortalecimiento de la familia, la educaci\u00f3n y la salud, garantizando servicios dignos y accesibles para todos.<\/p>\n\n\n\n<p>\u201cSeguiremos caminando el territorio, dialogando con la sociedad, recogiendo sus ideas, sus preocupaciones y sus propuestas. Porque cuando el Congreso se acerca a la gente, las leyes se vuelven \u00fatiles, justas y humanas\u201d, resalt\u00f3.<\/p>\n\n\n\n<p>El representante popular destac\u00f3 que las y los diputados panistas mantendr\u00e1n el trabajo cercano a la ciudadan\u00eda a trav\u00e9s de la estrategia \u201cDiputados en Acci\u00f3n\u201d, basada en el contacto directo con la poblaci\u00f3n, ya que al final al final, lo m\u00e1s importante no es cu\u00e1ntas leyes se aprueban, sino cu\u00e1ntas vidas impactan y generan crecimiento, cuidado, y prosperidad.<\/p>\n","protected":false},"excerpt":{"rendered":"<p>17 de febrero de 2026.- \u201cEl inicio del Segundo Periodo Ordinario del Segundo A\u00f1o Legislativo representa una nueva oportunidad para servir, escuchar y responder a la confianza de la ciudadan\u00eda, con el firme prop\u00f3sito de legislar por las familias duranguenses, fortaleciendo su presente y cuidando su futuro\u201d, afirm\u00f3 el coordinador del Grupo Parlamentario del PAN,&#8230;<\/p>\n","protected":false},"author":1,"featured_media":4553,"comment_status":"open","ping_status":"open","sticky":false,"template":"","format":"standard","meta":{"footnotes":""},"categories":[13],"tags":[],"class_list":["post-4552","post","type-post","status-publish","format-standard","has-post-thumbnail","hentry","category-congreso-de-durango"],"_links":{"self":[{"href":"https:\/\/lagumex.mx\/index\/wp-json\/wp\/v2\/posts\/4552","targetHints":{"allow":["GET"]}}],"collection":[{"href":"https:\/\/lagumex.mx\/index\/wp-json\/wp\/v2\/posts"}],"about":[{"href":"https:\/\/lagumex.mx\/index\/wp-json\/wp\/v2\/types\/post"}],"author":[{"embeddable":true,"href":"https:\/\/lagumex.mx\/index\/wp-json\/wp\/v2\/users\/1"}],"replies":[{"embeddable":true,"href":"https:\/\/lagumex.mx\/index\/wp-json\/wp\/v2\/comments?post=4552"}],"version-history":[{"count":1,"href":"https:\/\/lagumex.mx\/index\/wp-json\/wp\/v2\/posts\/4552\/revisions"}],"predecessor-version":[{"id":4554,"href":"https:\/\/lagumex.mx\/index\/wp-json\/wp\/v2\/posts\/4552\/revisions\/4554"}],"wp:featuredmedia":[{"embeddable":true,"href":"https:\/\/lagumex.mx\/index\/wp-json\/wp\/v2\/media\/4553"}],"wp:attachment":[{"href":"https:\/\/lagumex.mx\/index\/wp-json\/wp\/v2\/media?parent=4552"}],"wp:term":[{"taxonomy":"category","embeddable":true,"href":"https:\/\/lagumex.mx\/index\/wp-json\/wp\/v2\/categories?post=4552"},{"taxonomy":"post_tag","embeddable":true,"href":"https:\/\/lagumex.mx\/index\/wp-json\/wp\/v2\/tags?post=4552"}],"curies":[{"name":"wp","href":"https:\/\/api.w.org\/{rel}","templated":true}]}}