{"id":4549,"date":"2026-02-19T01:06:48","date_gmt":"2026-02-19T01:06:48","guid":{"rendered":"https:\/\/lagumex.mx\/index\/?p=4549"},"modified":"2026-02-28T01:08:43","modified_gmt":"2026-02-28T01:08:43","slug":"reconoce-ernesto-alanis-lealtad-y-servicio-del-ejercito","status":"publish","type":"post","link":"https:\/\/lagumex.mx\/index\/uncategorized\/congreso-de-durango\/reconoce-ernesto-alanis-lealtad-y-servicio-del-ejercito\/","title":{"rendered":"Reconoce Ernesto Alan\u00eds lealtad y servicio del Ejercito"},"content":{"rendered":"\n<p>19 de febrero de 2026.- En el marco de la conmemoraci\u00f3n por el 113 aniversario del Ej\u00e9rcito Mexicano, el presidente de la Junta de Gobierno y Coordinaci\u00f3n Pol\u00edtica, Ernesto Alan\u00eds Herrera, reconoci\u00f3 a las mujeres y hombres que integran esta instituci\u00f3n, a quienes calific\u00f3 como uno de los pilares m\u00e1s nobles y respetados del Estado mexicano, por su lealtad, vocaci\u00f3n de servicio, disciplina y compromiso con la naci\u00f3n.<\/p>\n\n\n\n<p>\u201cNuestro reconocimiento a las mujeres y hombres que, de manera ejemplar, honorable, honrosa y patri\u00f3tica, sirven a la ciudadan\u00eda en las filas del ej\u00e9rcito mexicano, porque el Ej\u00e9rcito Mexicano no es s\u00f3lo una instituci\u00f3n armada, es historia viva, es lealtad que no claudica, es honor que se transmite de generaci\u00f3n en generaci\u00f3n, es el soldado que vigila en silencio cuando la patria duerme, es la mujer y el hombre que a\u00fan lejos de su hogar nunca se alejan de M\u00e9xico\u201d, resalt\u00f3.<\/p>\n\n\n\n<p>Durante la sesi\u00f3n ordinaria, el legislador record\u00f3 que el 19 de febrero de 1913 marc\u00f3 el surgimiento del Ej\u00e9rcito Constitucionalista, encabezado por Venustiano Carranza, cuyo objetivo fue restaurar el orden constitucional frente a la usurpaci\u00f3n del poder. Desde entonces, se\u00f1al\u00f3, el Ej\u00e9rcito Mexicano naci\u00f3 no para oprimir, sino para defender la Constituci\u00f3n, la soberan\u00eda nacional y al pueblo de M\u00e9xico.<\/p>\n\n\n\n<p>\u201cEsta fecha tambi\u00e9n nos convoca a reafirmar un principio fundamental, que el desempe\u00f1o de las Fuerzas Armadas se conduzca siempre con el estricto apego a la ley, con respeto absoluto a la Constituci\u00f3n y a los derechos humanos, que la corrupci\u00f3n no tenga cabida y que el Estado de Derecho jam\u00e1s sea negociado\u201d, consider\u00f3, el tambi\u00e9n coordinador del Grupo Parlamentario del PRI.<\/p>\n\n\n\n<p>Subray\u00f3 que, a lo largo del tiempo, las Fuerzas Armadas han demostrado su compromiso no solo en la defensa del territorio, sino tambi\u00e9n en la atenci\u00f3n a desastres naturales, emergencias y labores sociales; ya que cuando la sociedad enfrenta momentos dif\u00edciles, ah\u00ed est\u00e1n sus soldados auxiliando, protegiendo y reconstruyendo sin preguntar a qui\u00e9n ayudan.<\/p>\n\n\n\n<p>Alan\u00eds Herrera, se\u00f1al\u00f3 que el Ej\u00e9rcito Mexicano se mantiene como baluarte de legalidad y aliado estrat\u00e9gico del Estado para preservar la paz, la seguridad nacional y el orden constitucional en cada rinc\u00f3n del pa\u00eds; adem\u00e1s de ser afirm\u00f3 ejemplo de disciplina y servicio que obliga tambi\u00e9n al Poder Legislativo a actuar con corresponsabilidad para construir un M\u00e9xico pr\u00f3spero, justo y en paz.<\/p>\n\n\n\n<p>Finalmente, reiter\u00f3 el orgullo y la confianza del Congreso del Estado en las mujeres y hombres del Ej\u00e9rcito Mexicano, muchos de los cuales cumplen su deber lejos de sus familias.<\/p>\n","protected":false},"excerpt":{"rendered":"<p>19 de febrero de 2026.- En el marco de la conmemoraci\u00f3n por el 113 aniversario del Ej\u00e9rcito Mexicano, el presidente de la Junta de Gobierno y Coordinaci\u00f3n Pol\u00edtica, Ernesto Alan\u00eds Herrera, reconoci\u00f3 a las mujeres y hombres que integran esta instituci\u00f3n, a quienes calific\u00f3 como uno de los pilares m\u00e1s nobles y respetados del Estado&#8230;<\/p>\n","protected":false},"author":1,"featured_media":4550,"comment_status":"open","ping_status":"open","sticky":false,"template":"","format":"standard","meta":{"footnotes":""},"categories":[13],"tags":[],"class_list":["post-4549","post","type-post","status-publish","format-standard","has-post-thumbnail","hentry","category-congreso-de-durango"],"_links":{"self":[{"href":"https:\/\/lagumex.mx\/index\/wp-json\/wp\/v2\/posts\/4549","targetHints":{"allow":["GET"]}}],"collection":[{"href":"https:\/\/lagumex.mx\/index\/wp-json\/wp\/v2\/posts"}],"about":[{"href":"https:\/\/lagumex.mx\/index\/wp-json\/wp\/v2\/types\/post"}],"author":[{"embeddable":true,"href":"https:\/\/lagumex.mx\/index\/wp-json\/wp\/v2\/users\/1"}],"replies":[{"embeddable":true,"href":"https:\/\/lagumex.mx\/index\/wp-json\/wp\/v2\/comments?post=4549"}],"version-history":[{"count":1,"href":"https:\/\/lagumex.mx\/index\/wp-json\/wp\/v2\/posts\/4549\/revisions"}],"predecessor-version":[{"id":4551,"href":"https:\/\/lagumex.mx\/index\/wp-json\/wp\/v2\/posts\/4549\/revisions\/4551"}],"wp:featuredmedia":[{"embeddable":true,"href":"https:\/\/lagumex.mx\/index\/wp-json\/wp\/v2\/media\/4550"}],"wp:attachment":[{"href":"https:\/\/lagumex.mx\/index\/wp-json\/wp\/v2\/media?parent=4549"}],"wp:term":[{"taxonomy":"category","embeddable":true,"href":"https:\/\/lagumex.mx\/index\/wp-json\/wp\/v2\/categories?post=4549"},{"taxonomy":"post_tag","embeddable":true,"href":"https:\/\/lagumex.mx\/index\/wp-json\/wp\/v2\/tags?post=4549"}],"curies":[{"name":"wp","href":"https:\/\/api.w.org\/{rel}","templated":true}]}}