{"id":4509,"date":"2026-01-16T20:33:02","date_gmt":"2026-01-16T20:33:02","guid":{"rendered":"https:\/\/lagumex.mx\/index\/?p=4509"},"modified":"2026-01-31T20:34:39","modified_gmt":"2026-01-31T20:34:39","slug":"licitacion-y-adquisicion-de-camiones-recolectores-de-basura-fue-en-apego-a-la-ley-contraloria-municipal-lerdo","status":"publish","type":"post","link":"https:\/\/lagumex.mx\/index\/lerdo\/licitacion-y-adquisicion-de-camiones-recolectores-de-basura-fue-en-apego-a-la-ley-contraloria-municipal-lerdo\/","title":{"rendered":"Licitaci\u00f3n y adquisici\u00f3n de camiones recolectores de basura fue en apego a la ley: Contralor\u00eda Municipal Lerdo"},"content":{"rendered":"\n<p>16 de enero de 2026.- El proceso se realiz\u00f3 mediante licitaci\u00f3n nacional, con convocatoria publicada en diarios de circulaci\u00f3n nacional y en los medios oficiales del Gobierno de Durango. <\/p>\n\n\n\n<p>El contralor municipal de Lerdo, Jos\u00e9 Alonzo Villalobos de la Cruz, asegur\u00f3 que el procedimiento de licitaci\u00f3n y la firma del contrato para la adquisici\u00f3n de 10 camiones recolectores de basura, se llev\u00f3 a cabo conforme a lo establecido en la Ley de Adquisiciones, cumpliendo con los lineamientos legales y administrativos vigentes. Se\u00f1al\u00f3 que en dicho proceso tuvo participaci\u00f3n el\u00a0<strong>Comit\u00e9 de Adquisiciones<\/strong>, el cual realiz\u00f3 los procedimientos obligatorios para la contrataci\u00f3n de bienes y servicios por parte del municipio. A la licitaci\u00f3n nacional concurrieron dos empresas;<strong>\u00a0MECRA Motors S.A. de C.V.\u00a0<\/strong>\u00a0y\u00a0<strong>Grupo Carrocero EICSA S.A. de C.V.\u00a0<\/strong>\u00a0Sin embargo, la \u00faltima no se present\u00f3 al final del proceso, por lo que la empresa que cumpli\u00f3 con todos los requisitos legales y administrativos fue la que result\u00f3 adjudicada y con la que se firm\u00f3 el convenio correspondiente para la adquisici\u00f3n de las unidades. <mark>El funcionario aclar\u00f3 que el contrato representa una deuda que no excede los dos a\u00f1os, por lo que no trasciende la presente administraci\u00f3n municipal.<\/mark> Asimismo, precis\u00f3 que la<strong>\u00a0presidenta municipal Susy Torrecillas<\/strong>, cuenta con las facultades legales para llevar a cabo este tipo de actos, mismas que le fueron otorgadas en la primera y segunda sesi\u00f3n de Cabildo, de conformidad con lo establecido en el Art\u00edculo 115 de la Constituci\u00f3n Pol\u00edtica.<\/p>\n\n\n\n<p><strong>Villalobos de la Cruz\u00a0<\/strong>subray\u00f3 que dichas facultades permiten a la presidenta municipal comprometerse legalmente para garantizar la prestaci\u00f3n de los servicios p\u00fablicos en beneficio de la ciudadan\u00eda del municipio de\u00a0<strong>Lerdo.<\/strong> Agreg\u00f3 que en el\u00a0<strong>Presupuesto de Egresos 2026<\/strong>\u00a0ya se encontraba contemplada la<strong>\u00a0adquisici\u00f3n de los 10 camiones recolectores<\/strong>, y avalado por mayor\u00eda del Cabildo, por lo que no represent\u00f3 una sorpresa la firma del convenio, sino la ejecuci\u00f3n de una acci\u00f3n previamente planeada y autorizada. Reiter\u00f3 que el proceso se realiz\u00f3 mediante<strong>\u00a0licitaci\u00f3n nacional,<\/strong>\u00a0con convocatoria publicada en diarios de circulaci\u00f3n nacional y en los medios oficiales del Gobierno del Estado de Durango, cumpliendo cabalmente con lo que marca la ley. Indic\u00f3 que estos son actos administrativos y que no le competen al\u00a0<strong>Cabildo,<\/strong><em>\u00a0\u00ablo cual al parecer desconoce el regidor Gerardo Delgado Cruz\u00bb,<\/em>\u00a0se\u00f1al\u00f3 el funcionario municipal.<\/p>\n","protected":false},"excerpt":{"rendered":"<p>16 de enero de 2026.- El proceso se realiz\u00f3 mediante licitaci\u00f3n nacional, con convocatoria publicada en diarios de circulaci\u00f3n nacional y en los medios oficiales del Gobierno de Durango. El contralor municipal de Lerdo, Jos\u00e9 Alonzo Villalobos de la Cruz, asegur\u00f3 que el procedimiento de licitaci\u00f3n y la firma del contrato para la adquisici\u00f3n de&#8230;<\/p>\n","protected":false},"author":1,"featured_media":4510,"comment_status":"open","ping_status":"open","sticky":false,"template":"","format":"standard","meta":{"footnotes":""},"categories":[3],"tags":[],"class_list":["post-4509","post","type-post","status-publish","format-standard","has-post-thumbnail","hentry","category-lerdo"],"_links":{"self":[{"href":"https:\/\/lagumex.mx\/index\/wp-json\/wp\/v2\/posts\/4509","targetHints":{"allow":["GET"]}}],"collection":[{"href":"https:\/\/lagumex.mx\/index\/wp-json\/wp\/v2\/posts"}],"about":[{"href":"https:\/\/lagumex.mx\/index\/wp-json\/wp\/v2\/types\/post"}],"author":[{"embeddable":true,"href":"https:\/\/lagumex.mx\/index\/wp-json\/wp\/v2\/users\/1"}],"replies":[{"embeddable":true,"href":"https:\/\/lagumex.mx\/index\/wp-json\/wp\/v2\/comments?post=4509"}],"version-history":[{"count":1,"href":"https:\/\/lagumex.mx\/index\/wp-json\/wp\/v2\/posts\/4509\/revisions"}],"predecessor-version":[{"id":4511,"href":"https:\/\/lagumex.mx\/index\/wp-json\/wp\/v2\/posts\/4509\/revisions\/4511"}],"wp:featuredmedia":[{"embeddable":true,"href":"https:\/\/lagumex.mx\/index\/wp-json\/wp\/v2\/media\/4510"}],"wp:attachment":[{"href":"https:\/\/lagumex.mx\/index\/wp-json\/wp\/v2\/media?parent=4509"}],"wp:term":[{"taxonomy":"category","embeddable":true,"href":"https:\/\/lagumex.mx\/index\/wp-json\/wp\/v2\/categories?post=4509"},{"taxonomy":"post_tag","embeddable":true,"href":"https:\/\/lagumex.mx\/index\/wp-json\/wp\/v2\/tags?post=4509"}],"curies":[{"name":"wp","href":"https:\/\/api.w.org\/{rel}","templated":true}]}}