{"id":4503,"date":"2026-01-19T20:28:18","date_gmt":"2026-01-19T20:28:18","guid":{"rendered":"https:\/\/lagumex.mx\/index\/?p=4503"},"modified":"2026-01-31T20:29:58","modified_gmt":"2026-01-31T20:29:58","slug":"sesiona-comite-de-planeacion-para-el-desarrollo-municipal-de-lerdo","status":"publish","type":"post","link":"https:\/\/lagumex.mx\/index\/lerdo\/sesiona-comite-de-planeacion-para-el-desarrollo-municipal-de-lerdo\/","title":{"rendered":"Sesiona Comit\u00e9 de Planeaci\u00f3n para el Desarrollo Municipal de Lerdo"},"content":{"rendered":"\n<p>19 de enero de 2026.- <strong>El pasado viernes, en el Sal\u00f3n Azul de la Presidencia Municipal de Lerdo, se llev\u00f3 a cabo la tercera sesi\u00f3n ordinaria del Comit\u00e9 de Planeaci\u00f3n para el Desarrollo Municipal de Lerdo (COPLADEM), con la participaci\u00f3n de autoridades municipales y representantes del comit\u00e9.<\/strong> <\/p>\n\n\n\n<p>Alejandra Escobedo R\u00edos, directora de Desarrollo Social y secretaria t\u00e9cnica del COPLADEM, inform\u00f3 que el pasado 9 de enero se realiz\u00f3 la primera sesi\u00f3n ordinaria de instalaci\u00f3n del comit\u00e9, en la cual se hizo entrega formal del Programa Anual de Trabajo 2026 del municipio. Detall\u00f3 que dicho documento fue elaborado por el profesor Rom\u00e1n Alberto Herrera D\u00edaz, director de Planeaci\u00f3n Municipal, y recibido por el licenciado Jes\u00fas Moctezuma Quintana Armijo. Explic\u00f3 que el objetivo es agilizar el plan de obra anual conforme a los proyectos contenidos en el Programa Anual de Trabajo, permitiendo que cada direcci\u00f3n tenga claros sus objetivos y responsabilidades. Por su parte, el director de Planeaci\u00f3n del Municipio de Lerdo, Rom\u00e1n Alberto Herrera D\u00edaz, se\u00f1al\u00f3 que la entrega del Programa Anual de Trabajo 2026 es una responsabilidad establecida por norma y por ley, misma que previamente fue presentada al pleno del Cabildo durante una sesi\u00f3n ordinaria. Indic\u00f3 que este programa representa la continuidad del Plan Municipal de Desarrollo y est\u00e1 estructurado por ejes estrat\u00e9gicos que atienden las necesidades del municipio y sus comunidades.<\/p>\n","protected":false},"excerpt":{"rendered":"<p>19 de enero de 2026.- El pasado viernes, en el Sal\u00f3n Azul de la Presidencia Municipal de Lerdo, se llev\u00f3 a cabo la tercera sesi\u00f3n ordinaria del Comit\u00e9 de Planeaci\u00f3n para el Desarrollo Municipal de Lerdo (COPLADEM), con la participaci\u00f3n de autoridades municipales y representantes del comit\u00e9. Alejandra Escobedo R\u00edos, directora de Desarrollo Social y&#8230;<\/p>\n","protected":false},"author":1,"featured_media":4504,"comment_status":"open","ping_status":"open","sticky":false,"template":"","format":"standard","meta":{"footnotes":""},"categories":[3],"tags":[],"class_list":["post-4503","post","type-post","status-publish","format-standard","has-post-thumbnail","hentry","category-lerdo"],"_links":{"self":[{"href":"https:\/\/lagumex.mx\/index\/wp-json\/wp\/v2\/posts\/4503","targetHints":{"allow":["GET"]}}],"collection":[{"href":"https:\/\/lagumex.mx\/index\/wp-json\/wp\/v2\/posts"}],"about":[{"href":"https:\/\/lagumex.mx\/index\/wp-json\/wp\/v2\/types\/post"}],"author":[{"embeddable":true,"href":"https:\/\/lagumex.mx\/index\/wp-json\/wp\/v2\/users\/1"}],"replies":[{"embeddable":true,"href":"https:\/\/lagumex.mx\/index\/wp-json\/wp\/v2\/comments?post=4503"}],"version-history":[{"count":1,"href":"https:\/\/lagumex.mx\/index\/wp-json\/wp\/v2\/posts\/4503\/revisions"}],"predecessor-version":[{"id":4505,"href":"https:\/\/lagumex.mx\/index\/wp-json\/wp\/v2\/posts\/4503\/revisions\/4505"}],"wp:featuredmedia":[{"embeddable":true,"href":"https:\/\/lagumex.mx\/index\/wp-json\/wp\/v2\/media\/4504"}],"wp:attachment":[{"href":"https:\/\/lagumex.mx\/index\/wp-json\/wp\/v2\/media?parent=4503"}],"wp:term":[{"taxonomy":"category","embeddable":true,"href":"https:\/\/lagumex.mx\/index\/wp-json\/wp\/v2\/categories?post=4503"},{"taxonomy":"post_tag","embeddable":true,"href":"https:\/\/lagumex.mx\/index\/wp-json\/wp\/v2\/tags?post=4503"}],"curies":[{"name":"wp","href":"https:\/\/api.w.org\/{rel}","templated":true}]}}