{"id":4500,"date":"2026-01-22T20:26:28","date_gmt":"2026-01-22T20:26:28","guid":{"rendered":"https:\/\/lagumex.mx\/index\/?p=4500"},"modified":"2026-01-31T20:27:52","modified_gmt":"2026-01-31T20:27:52","slug":"susy-torrecillas-sostuvo-encuentro-con-el-sector-educativo-de-la-laguna-de-durango","status":"publish","type":"post","link":"https:\/\/lagumex.mx\/index\/lerdo\/susy-torrecillas-sostuvo-encuentro-con-el-sector-educativo-de-la-laguna-de-durango\/","title":{"rendered":"Susy Torrecillas sostuvo encuentro con el sector educativo de La Laguna de Durango"},"content":{"rendered":"\n<p>22 de enero de 2026.- Durante el encuentro, la alcaldesa expuso su inter\u00e9s por involucrarse de manera directa en las escuelas del municipio, informando que cada lunes acude a una instituci\u00f3n educativa distinta como parte de la promoci\u00f3n de los valores c\u00edvicos. <strong>La tarde del pasado mi\u00e9rcoles, la presidenta municipal, Susy Carolina Torrecillas Salazar, sostuvo un encuentro con el Subsecretario de Educaci\u00f3n en La Laguna de Durango, Ulises Adame de Le\u00f3n, as\u00ed como con integrantes de la estructura educativa de los diversos niveles escolares.<\/strong> Se\u00f1al\u00f3 que estas visitas le permiten conocer y escuchar de primera mano las necesidades que enfrentan los planteles educativos, generando compromisos directos para atender cada una de las solicitudes. En la reuni\u00f3n se instruyeron acciones inmediatas para dar atenci\u00f3n a peticiones relacionadas con servicios p\u00fablicos, agua potable y drenaje en las escuelas de Lerdo.<\/p>\n","protected":false},"excerpt":{"rendered":"<p>22 de enero de 2026.- Durante el encuentro, la alcaldesa expuso su inter\u00e9s por involucrarse de manera directa en las escuelas del municipio, informando que cada lunes acude a una instituci\u00f3n educativa distinta como parte de la promoci\u00f3n de los valores c\u00edvicos. La tarde del pasado mi\u00e9rcoles, la presidenta municipal, Susy Carolina Torrecillas Salazar, sostuvo&#8230;<\/p>\n","protected":false},"author":1,"featured_media":4501,"comment_status":"open","ping_status":"open","sticky":false,"template":"","format":"standard","meta":{"footnotes":""},"categories":[3],"tags":[],"class_list":["post-4500","post","type-post","status-publish","format-standard","has-post-thumbnail","hentry","category-lerdo"],"_links":{"self":[{"href":"https:\/\/lagumex.mx\/index\/wp-json\/wp\/v2\/posts\/4500","targetHints":{"allow":["GET"]}}],"collection":[{"href":"https:\/\/lagumex.mx\/index\/wp-json\/wp\/v2\/posts"}],"about":[{"href":"https:\/\/lagumex.mx\/index\/wp-json\/wp\/v2\/types\/post"}],"author":[{"embeddable":true,"href":"https:\/\/lagumex.mx\/index\/wp-json\/wp\/v2\/users\/1"}],"replies":[{"embeddable":true,"href":"https:\/\/lagumex.mx\/index\/wp-json\/wp\/v2\/comments?post=4500"}],"version-history":[{"count":1,"href":"https:\/\/lagumex.mx\/index\/wp-json\/wp\/v2\/posts\/4500\/revisions"}],"predecessor-version":[{"id":4502,"href":"https:\/\/lagumex.mx\/index\/wp-json\/wp\/v2\/posts\/4500\/revisions\/4502"}],"wp:featuredmedia":[{"embeddable":true,"href":"https:\/\/lagumex.mx\/index\/wp-json\/wp\/v2\/media\/4501"}],"wp:attachment":[{"href":"https:\/\/lagumex.mx\/index\/wp-json\/wp\/v2\/media?parent=4500"}],"wp:term":[{"taxonomy":"category","embeddable":true,"href":"https:\/\/lagumex.mx\/index\/wp-json\/wp\/v2\/categories?post=4500"},{"taxonomy":"post_tag","embeddable":true,"href":"https:\/\/lagumex.mx\/index\/wp-json\/wp\/v2\/tags?post=4500"}],"curies":[{"name":"wp","href":"https:\/\/api.w.org\/{rel}","templated":true}]}}