{"id":4497,"date":"2026-01-27T20:24:42","date_gmt":"2026-01-27T20:24:42","guid":{"rendered":"https:\/\/lagumex.mx\/index\/?p=4497"},"modified":"2026-01-31T20:26:01","modified_gmt":"2026-01-31T20:26:01","slug":"susy-torrecillas-se-reune-con-encargado-de-la-guardia-nacional-para-reforzar-la-seguridad-en-lerdo","status":"publish","type":"post","link":"https:\/\/lagumex.mx\/index\/lerdo\/susy-torrecillas-se-reune-con-encargado-de-la-guardia-nacional-para-reforzar-la-seguridad-en-lerdo\/","title":{"rendered":"Susy Torrecillas se re\u00fane con encargado de la Guardia Nacional para reforzar la seguridad en Lerdo"},"content":{"rendered":"\n<p>27 de enero de 2026.- <strong>La alcaldesa Susy Torrecillas se reuni\u00f3 la ma\u00f1ana de este martes, en el despacho presidencial, con el Coronel Germ\u00e1n Vite, encargado de la Guardia Nacional, como parte de las acciones de fortalecimiento en materia de seguridad que se realizan en coordinaci\u00f3n con el Mando Especial de La Laguna.<\/strong> Durante el encuentro,\u00a0<strong>Torrecillas<\/strong>\u00a0destac\u00f3 la importancia de que\u00a0<strong>Lerdo<\/strong>\u00a0contin\u00fae desarroll\u00e1ndose en un ambiente de paz y seguridad, al considerar estos factores como pilares fundamentales para el desarrollo econ\u00f3mico que se impulsa en la ciudad. Subray\u00f3 que actualmente el municipio se posiciona como un polo de desarrollo econ\u00f3mico, ante el inter\u00e9s de nuevas inversiones que buscan establecerse en la regi\u00f3n, lo que hace indispensable el trabajo conjunto entre los distintos niveles de gobierno para ofrecer garant\u00edas a todas las personas interesadas en prosperar en el municipio de\u00a0<strong>Lerdo<\/strong>\u00a0y aprovechar las facilidades que el\u00a0<strong>Ayuntamiento<\/strong>\u00a0ofrece. La alcaldesa agradeci\u00f3 el respaldo y la disposici\u00f3n del personal de la\u00a0<strong>Guardia Nacional<\/strong>\u00a0para seguir trabajando de manera coordinada en beneficio de la tranquilidad y el bienestar de las familias lerdenses.<\/p>\n","protected":false},"excerpt":{"rendered":"<p>27 de enero de 2026.- La alcaldesa Susy Torrecillas se reuni\u00f3 la ma\u00f1ana de este martes, en el despacho presidencial, con el Coronel Germ\u00e1n Vite, encargado de la Guardia Nacional, como parte de las acciones de fortalecimiento en materia de seguridad que se realizan en coordinaci\u00f3n con el Mando Especial de La Laguna. Durante el&#8230;<\/p>\n","protected":false},"author":1,"featured_media":4498,"comment_status":"open","ping_status":"open","sticky":false,"template":"","format":"standard","meta":{"footnotes":""},"categories":[3],"tags":[],"class_list":["post-4497","post","type-post","status-publish","format-standard","has-post-thumbnail","hentry","category-lerdo"],"_links":{"self":[{"href":"https:\/\/lagumex.mx\/index\/wp-json\/wp\/v2\/posts\/4497","targetHints":{"allow":["GET"]}}],"collection":[{"href":"https:\/\/lagumex.mx\/index\/wp-json\/wp\/v2\/posts"}],"about":[{"href":"https:\/\/lagumex.mx\/index\/wp-json\/wp\/v2\/types\/post"}],"author":[{"embeddable":true,"href":"https:\/\/lagumex.mx\/index\/wp-json\/wp\/v2\/users\/1"}],"replies":[{"embeddable":true,"href":"https:\/\/lagumex.mx\/index\/wp-json\/wp\/v2\/comments?post=4497"}],"version-history":[{"count":1,"href":"https:\/\/lagumex.mx\/index\/wp-json\/wp\/v2\/posts\/4497\/revisions"}],"predecessor-version":[{"id":4499,"href":"https:\/\/lagumex.mx\/index\/wp-json\/wp\/v2\/posts\/4497\/revisions\/4499"}],"wp:featuredmedia":[{"embeddable":true,"href":"https:\/\/lagumex.mx\/index\/wp-json\/wp\/v2\/media\/4498"}],"wp:attachment":[{"href":"https:\/\/lagumex.mx\/index\/wp-json\/wp\/v2\/media?parent=4497"}],"wp:term":[{"taxonomy":"category","embeddable":true,"href":"https:\/\/lagumex.mx\/index\/wp-json\/wp\/v2\/categories?post=4497"},{"taxonomy":"post_tag","embeddable":true,"href":"https:\/\/lagumex.mx\/index\/wp-json\/wp\/v2\/tags?post=4497"}],"curies":[{"name":"wp","href":"https:\/\/api.w.org\/{rel}","templated":true}]}}