{"id":4494,"date":"2026-01-30T20:21:15","date_gmt":"2026-01-30T20:21:15","guid":{"rendered":"https:\/\/lagumex.mx\/index\/?p=4494"},"modified":"2026-01-31T20:22:48","modified_gmt":"2026-01-31T20:22:48","slug":"llevan-capacitaciones-al-medio-rural","status":"publish","type":"post","link":"https:\/\/lagumex.mx\/index\/gomez-palacio\/llevan-capacitaciones-al-medio-rural\/","title":{"rendered":"Llevan capacitaciones al medio rural"},"content":{"rendered":"\n<p>30 de enero de 2026.- <strong>La Direcci\u00f3n de Desarrollo Rural de G\u00f3mez Palacio contin\u00faa llevando capacitaci\u00f3n pr\u00e1ctica a las comunidades del medio rural, acercando herramientas que permiten fortalecer la econom\u00eda familiar, fomentar el autoconsumo y abrir oportunidades de emprendimiento comunitario.<\/strong>  El titular de la dependencia, Jes\u00fas Jos\u00e9 Cisneros Robledo, inform\u00f3 que esta semana se visit\u00f3 el ejido La Tehua, donde padres y madres de familia participaron activamente en el Taller de Elaboraci\u00f3n de Productos de Limpieza, el cual se imparti\u00f3 en las instalaciones de la escuela primaria y el jard\u00edn de ni\u00f1os de la comunidad. Los asistentes aprendieron a elaborar diversos productos de limpieza de uso cotidiano, con la finalidad de destinarlos principalmente al uso en los planteles educativos, lo que permitir\u00e1 reducir gastos en la compra de detergentes, cloro, l\u00edquidos limpiadores y otros insumos necesarios para el mantenimiento de las escuelas.<\/p>\n\n\n\n<p>\u00abEl objetivo es que las familias aprendan a producir estos art\u00edculos para su propio consumo, pero tambi\u00e9n que cuenten con la opci\u00f3n de emprender de manera individual y generar un ingreso adicional que impacte positivamente en su econom\u00eda\u00bb, se\u00f1al\u00f3.<\/p>\n","protected":false},"excerpt":{"rendered":"<p>30 de enero de 2026.- La Direcci\u00f3n de Desarrollo Rural de G\u00f3mez Palacio contin\u00faa llevando capacitaci\u00f3n pr\u00e1ctica a las comunidades del medio rural, acercando herramientas que permiten fortalecer la econom\u00eda familiar, fomentar el autoconsumo y abrir oportunidades de emprendimiento comunitario. El titular de la dependencia, Jes\u00fas Jos\u00e9 Cisneros Robledo, inform\u00f3 que esta semana se visit\u00f3&#8230;<\/p>\n","protected":false},"author":1,"featured_media":4495,"comment_status":"open","ping_status":"open","sticky":false,"template":"","format":"standard","meta":{"footnotes":""},"categories":[12],"tags":[],"class_list":["post-4494","post","type-post","status-publish","format-standard","has-post-thumbnail","hentry","category-gomez-palacio"],"_links":{"self":[{"href":"https:\/\/lagumex.mx\/index\/wp-json\/wp\/v2\/posts\/4494","targetHints":{"allow":["GET"]}}],"collection":[{"href":"https:\/\/lagumex.mx\/index\/wp-json\/wp\/v2\/posts"}],"about":[{"href":"https:\/\/lagumex.mx\/index\/wp-json\/wp\/v2\/types\/post"}],"author":[{"embeddable":true,"href":"https:\/\/lagumex.mx\/index\/wp-json\/wp\/v2\/users\/1"}],"replies":[{"embeddable":true,"href":"https:\/\/lagumex.mx\/index\/wp-json\/wp\/v2\/comments?post=4494"}],"version-history":[{"count":1,"href":"https:\/\/lagumex.mx\/index\/wp-json\/wp\/v2\/posts\/4494\/revisions"}],"predecessor-version":[{"id":4496,"href":"https:\/\/lagumex.mx\/index\/wp-json\/wp\/v2\/posts\/4494\/revisions\/4496"}],"wp:featuredmedia":[{"embeddable":true,"href":"https:\/\/lagumex.mx\/index\/wp-json\/wp\/v2\/media\/4495"}],"wp:attachment":[{"href":"https:\/\/lagumex.mx\/index\/wp-json\/wp\/v2\/media?parent=4494"}],"wp:term":[{"taxonomy":"category","embeddable":true,"href":"https:\/\/lagumex.mx\/index\/wp-json\/wp\/v2\/categories?post=4494"},{"taxonomy":"post_tag","embeddable":true,"href":"https:\/\/lagumex.mx\/index\/wp-json\/wp\/v2\/tags?post=4494"}],"curies":[{"name":"wp","href":"https:\/\/api.w.org\/{rel}","templated":true}]}}