{"id":4491,"date":"2026-01-29T20:18:31","date_gmt":"2026-01-29T20:18:31","guid":{"rendered":"https:\/\/lagumex.mx\/index\/?p=4491"},"modified":"2026-01-31T20:20:31","modified_gmt":"2026-01-31T20:20:31","slug":"vehiculos-oficiales-de-lerdo-estan-rotulados-e-identificados","status":"publish","type":"post","link":"https:\/\/lagumex.mx\/index\/lerdo\/vehiculos-oficiales-de-lerdo-estan-rotulados-e-identificados\/","title":{"rendered":"Veh\u00edculos oficiales de Lerdo est\u00e1n rotulados e identificados"},"content":{"rendered":"\n<p>29 de enero de 2026.- <strong>Los veh\u00edculos de las diferentes \u00e1reas, departamentos, direcciones e institutos del Municipio se encuentran rotulados e identificados. No obstante, unos camiones recolectores de basura rentados no los portan porque muy pronto se contar\u00e1 con las nuevas unidades adquiridas por el Municipio.<\/strong> En la primera sesi\u00f3n ordinaria de Cabildo celebrada el primero de Septiembre del 2025 la alcaldesa, Susy Torrecillas, present\u00f3 el logotipo institucional est\u00e1 inspirado en el escudo del municipio, del lado izquierdo se encuentra la Torre del Reloj, uno de los principales s\u00edmbolos de la ciudad, del lado derecho superior se encuentra un Cempas\u00fachil con el s\u00edmbolo de agua para representar la fertilidad de la regi\u00f3n, y en la parte inferior derecha el mapa de Durango y sobre \u00e9l el ic\u00f3nico avi\u00f3n de Sarabia ascendiendo, representando el progreso de la ciudad. En la base del escudo lleva el t\u00edtulo \u201cCiudad Jard\u00edn\u201d, nombre con el cual se conoce a la ciudad por sus grandes \u00e1reas verdes. La tipograf\u00eda de \u201cLERDO\u201d representa la uni\u00f3n representa la uni\u00f3n de los ciudadanos con el gobierno, y da fe de la buena comunicaci\u00f3n que se mantendr\u00e1 durante este periodo. Todo, en tonos grises, cumpliendo con la ley que rige la imagen del estado con sus municipios. En cuanto al logotipo de color, y como identidad de la nueva Administraci\u00f3n, \u201cPor Lerdo\u2026 Todo\u201d se describe un gobierno organizado, estructurado, fluido, eficiente y coordinado, buscando la comunicaci\u00f3n. La hoja encima de la letra \u201cO\u201d representa la Ciudad Jard\u00edn, los tres puntos significan la continuidad de seguir con el desarrollo que lleg\u00f3 con el gobierno anterior. \u201cTambi\u00e9n sumamos la frase \u2018Unidos somos grandes\u2019 para mostrar trabajo en conjunto entre municipios y Gobierno del Estado\u201d, asegur\u00f3 la edil.<\/p>\n","protected":false},"excerpt":{"rendered":"<p>29 de enero de 2026.- Los veh\u00edculos de las diferentes \u00e1reas, departamentos, direcciones e institutos del Municipio se encuentran rotulados e identificados. No obstante, unos camiones recolectores de basura rentados no los portan porque muy pronto se contar\u00e1 con las nuevas unidades adquiridas por el Municipio. En la primera sesi\u00f3n ordinaria de Cabildo celebrada el&#8230;<\/p>\n","protected":false},"author":1,"featured_media":4492,"comment_status":"open","ping_status":"open","sticky":false,"template":"","format":"standard","meta":{"footnotes":""},"categories":[3],"tags":[],"class_list":["post-4491","post","type-post","status-publish","format-standard","has-post-thumbnail","hentry","category-lerdo"],"_links":{"self":[{"href":"https:\/\/lagumex.mx\/index\/wp-json\/wp\/v2\/posts\/4491","targetHints":{"allow":["GET"]}}],"collection":[{"href":"https:\/\/lagumex.mx\/index\/wp-json\/wp\/v2\/posts"}],"about":[{"href":"https:\/\/lagumex.mx\/index\/wp-json\/wp\/v2\/types\/post"}],"author":[{"embeddable":true,"href":"https:\/\/lagumex.mx\/index\/wp-json\/wp\/v2\/users\/1"}],"replies":[{"embeddable":true,"href":"https:\/\/lagumex.mx\/index\/wp-json\/wp\/v2\/comments?post=4491"}],"version-history":[{"count":1,"href":"https:\/\/lagumex.mx\/index\/wp-json\/wp\/v2\/posts\/4491\/revisions"}],"predecessor-version":[{"id":4493,"href":"https:\/\/lagumex.mx\/index\/wp-json\/wp\/v2\/posts\/4491\/revisions\/4493"}],"wp:featuredmedia":[{"embeddable":true,"href":"https:\/\/lagumex.mx\/index\/wp-json\/wp\/v2\/media\/4492"}],"wp:attachment":[{"href":"https:\/\/lagumex.mx\/index\/wp-json\/wp\/v2\/media?parent=4491"}],"wp:term":[{"taxonomy":"category","embeddable":true,"href":"https:\/\/lagumex.mx\/index\/wp-json\/wp\/v2\/categories?post=4491"},{"taxonomy":"post_tag","embeddable":true,"href":"https:\/\/lagumex.mx\/index\/wp-json\/wp\/v2\/tags?post=4491"}],"curies":[{"name":"wp","href":"https:\/\/api.w.org\/{rel}","templated":true}]}}