{"id":4486,"date":"2026-01-31T08:14:00","date_gmt":"2026-01-31T08:14:00","guid":{"rendered":"https:\/\/lagumex.mx\/index\/?p=4486"},"modified":"2026-01-31T20:16:30","modified_gmt":"2026-01-31T20:16:30","slug":"feria-de-la-paz-se-realizo-en-la-colonia-colosio-de-gomez-palacio","status":"publish","type":"post","link":"https:\/\/lagumex.mx\/index\/gomez-palacio\/feria-de-la-paz-se-realizo-en-la-colonia-colosio-de-gomez-palacio\/","title":{"rendered":"Feria de la Paz se realiz\u00f3 en la colonia Colosio de G\u00f3mez Palacio"},"content":{"rendered":"\n<p>31 de enero de 2026.- <strong>La plaza de la colonia Luis Donaldo Colosio, en G\u00f3mez Palacio, fue sede de la primera edici\u00f3n de la Feria de la Paz, una estrategia de proximidad social que re\u00fane esfuerzos de los tres niveles de gobierno para acercar servicios, programas y atenci\u00f3n directa a las familias, en continuidad con la iniciativa impulsada a nivel nacional por la presidenta de la Rep\u00fablica, Claudia Sheinbaum Pardo, enfocada en atender las causas de fondo que generan desigualdad y violencia.<\/strong> <\/p>\n\n\n\n<p>El Ayuntamiento inform\u00f3 que la<strong>&nbsp;alcaldesa, Betzab\u00e9 Mart\u00ednez Arango,&nbsp;<\/strong>presidi\u00f3 este evento y celebr\u00f3 la amplia participaci\u00f3n de ni\u00f1as, ni\u00f1os y padres de familia, quienes pudieron constatar la cercan\u00eda de las instituciones y el compromiso gubernamental para atender necesidades prioritarias, como la prevenci\u00f3n y atenci\u00f3n de adicciones, el acceso al empleo y la mejora en la calidad de vida de las familias.<\/p>\n\n\n\n<p>A trav\u00e9s de un comunicado oficial la alcaldesa inform\u00f3 que esta es la segunda ocasi\u00f3n que se interviene este sector habitacional, luego de la realizaci\u00f3n de las Jornadas de la Paz el a\u00f1o pasado, y ahora con la Feria de la Paz, con el objetivo de dar seguimiento a compromisos previamente asumidos y acercar, de manera directa, programas y servicios tanto del Gobierno Federal, el Gobierno del Estado de Durango y el Ayuntamiento de G\u00f3mez Palacio. Durante la jornada participaron elementos de la\u00a0<strong>Secretar\u00eda de la Defensa Nacional,<\/strong>\u00a0la<strong>\u00a0Guardia Nacional\u00a0<\/strong>y la\u00a0<strong>Direcci\u00f3n de Seguridad P\u00fablica Municipal,\u00a0<\/strong>as\u00ed como dependencias federales como las<strong>\u00a0Secretar\u00edas de Bienestar y del Trabajo y Previsi\u00f3n Social<\/strong>, que ofrecieron informaci\u00f3n y acceso a programas como J\u00f3venes Construyendo el Futuro, Tiendas del Bienestar, Liconsa, productos del Bienestar y acciones de apoyo para el acceso a vivienda.<\/p>\n\n\n\n<pre id=\"notaB2\" class=\"wp-block-preformatted\"><\/pre>\n","protected":false},"excerpt":{"rendered":"<p>31 de enero de 2026.- La plaza de la colonia Luis Donaldo Colosio, en G\u00f3mez Palacio, fue sede de la primera edici\u00f3n de la Feria de la Paz, una estrategia de proximidad social que re\u00fane esfuerzos de los tres niveles de gobierno para acercar servicios, programas y atenci\u00f3n directa a las familias, en continuidad con&#8230;<\/p>\n","protected":false},"author":1,"featured_media":4487,"comment_status":"open","ping_status":"open","sticky":false,"template":"","format":"standard","meta":{"footnotes":""},"categories":[12],"tags":[],"class_list":["post-4486","post","type-post","status-publish","format-standard","has-post-thumbnail","hentry","category-gomez-palacio"],"_links":{"self":[{"href":"https:\/\/lagumex.mx\/index\/wp-json\/wp\/v2\/posts\/4486","targetHints":{"allow":["GET"]}}],"collection":[{"href":"https:\/\/lagumex.mx\/index\/wp-json\/wp\/v2\/posts"}],"about":[{"href":"https:\/\/lagumex.mx\/index\/wp-json\/wp\/v2\/types\/post"}],"author":[{"embeddable":true,"href":"https:\/\/lagumex.mx\/index\/wp-json\/wp\/v2\/users\/1"}],"replies":[{"embeddable":true,"href":"https:\/\/lagumex.mx\/index\/wp-json\/wp\/v2\/comments?post=4486"}],"version-history":[{"count":1,"href":"https:\/\/lagumex.mx\/index\/wp-json\/wp\/v2\/posts\/4486\/revisions"}],"predecessor-version":[{"id":4488,"href":"https:\/\/lagumex.mx\/index\/wp-json\/wp\/v2\/posts\/4486\/revisions\/4488"}],"wp:featuredmedia":[{"embeddable":true,"href":"https:\/\/lagumex.mx\/index\/wp-json\/wp\/v2\/media\/4487"}],"wp:attachment":[{"href":"https:\/\/lagumex.mx\/index\/wp-json\/wp\/v2\/media?parent=4486"}],"wp:term":[{"taxonomy":"category","embeddable":true,"href":"https:\/\/lagumex.mx\/index\/wp-json\/wp\/v2\/categories?post=4486"},{"taxonomy":"post_tag","embeddable":true,"href":"https:\/\/lagumex.mx\/index\/wp-json\/wp\/v2\/tags?post=4486"}],"curies":[{"name":"wp","href":"https:\/\/api.w.org\/{rel}","templated":true}]}}