{"id":4481,"date":"2026-01-31T08:06:00","date_gmt":"2026-01-31T08:06:00","guid":{"rendered":"https:\/\/lagumex.mx\/index\/?p=4481"},"modified":"2026-01-31T20:10:21","modified_gmt":"2026-01-31T20:10:21","slug":"buscan-ordenar-comercio-informal-y-formal-en-lerdo","status":"publish","type":"post","link":"https:\/\/lagumex.mx\/index\/lerdo\/buscan-ordenar-comercio-informal-y-formal-en-lerdo\/","title":{"rendered":"Buscan ordenar comercio informal y formal en Lerdo"},"content":{"rendered":"\n<p>31 de enero de 2026.- <strong>Autoridades municipales buscan ordenar tanto el comercio informal como el formal en Lerdo, a trav\u00e9s de un proyecto de regularizaci\u00f3n integral que abarcar\u00e1 desde vendedores ambulantes hasta establecimientos de mayor tama\u00f1o, inform\u00f3 el director de Desarrollo Econ\u00f3mico, Gerardo Pantoja.<\/strong> El funcionario explic\u00f3 que el objetivo es que todo el comercio regularice su situaci\u00f3n. En el caso de los vendedores ambulantes, deber\u00e1n acudir a la\u00a0<strong>Direcci\u00f3n de Desarrollo Econ\u00f3mico<\/strong>, a partir de este a\u00f1o 2026, para solicitar el permiso correspondiente que les permita utilizar la v\u00eda p\u00fablica.Detall\u00f3 que existen tres tipos de vendedores ambulantes: los\u00a0<strong>fijos,<\/strong>\u00a0como estanquillos o tabaretes; los\u00a0<strong>semifijos,<\/strong>\u00a0que cuentan con un lugar preferente, como los vendedores de elotes en plazas; y los\u00a0<strong>ambulantes<\/strong>\u00a0en general.Actualmente, en el primer cuadro de la ciudad, adem\u00e1s de los vendedores ambulantes, existe comercio formal que saca su mercanc\u00eda, mesas y sillas para ocupar la v\u00eda p\u00fablica, particularmente las banquetas, situaci\u00f3n que el Ayuntamiento busca modificar con el fin de lograr un mayor orden.<\/p>\n","protected":false},"excerpt":{"rendered":"<p>31 de enero de 2026.- Autoridades municipales buscan ordenar tanto el comercio informal como el formal en Lerdo, a trav\u00e9s de un proyecto de regularizaci\u00f3n integral que abarcar\u00e1 desde vendedores ambulantes hasta establecimientos de mayor tama\u00f1o, inform\u00f3 el director de Desarrollo Econ\u00f3mico, Gerardo Pantoja. El funcionario explic\u00f3 que el objetivo es que todo el comercio&#8230;<\/p>\n","protected":false},"author":1,"featured_media":4482,"comment_status":"open","ping_status":"open","sticky":false,"template":"","format":"standard","meta":{"footnotes":""},"categories":[3],"tags":[],"class_list":["post-4481","post","type-post","status-publish","format-standard","has-post-thumbnail","hentry","category-lerdo"],"_links":{"self":[{"href":"https:\/\/lagumex.mx\/index\/wp-json\/wp\/v2\/posts\/4481","targetHints":{"allow":["GET"]}}],"collection":[{"href":"https:\/\/lagumex.mx\/index\/wp-json\/wp\/v2\/posts"}],"about":[{"href":"https:\/\/lagumex.mx\/index\/wp-json\/wp\/v2\/types\/post"}],"author":[{"embeddable":true,"href":"https:\/\/lagumex.mx\/index\/wp-json\/wp\/v2\/users\/1"}],"replies":[{"embeddable":true,"href":"https:\/\/lagumex.mx\/index\/wp-json\/wp\/v2\/comments?post=4481"}],"version-history":[{"count":1,"href":"https:\/\/lagumex.mx\/index\/wp-json\/wp\/v2\/posts\/4481\/revisions"}],"predecessor-version":[{"id":4483,"href":"https:\/\/lagumex.mx\/index\/wp-json\/wp\/v2\/posts\/4481\/revisions\/4483"}],"wp:featuredmedia":[{"embeddable":true,"href":"https:\/\/lagumex.mx\/index\/wp-json\/wp\/v2\/media\/4482"}],"wp:attachment":[{"href":"https:\/\/lagumex.mx\/index\/wp-json\/wp\/v2\/media?parent=4481"}],"wp:term":[{"taxonomy":"category","embeddable":true,"href":"https:\/\/lagumex.mx\/index\/wp-json\/wp\/v2\/categories?post=4481"},{"taxonomy":"post_tag","embeddable":true,"href":"https:\/\/lagumex.mx\/index\/wp-json\/wp\/v2\/tags?post=4481"}],"curies":[{"name":"wp","href":"https:\/\/api.w.org\/{rel}","templated":true}]}}