{"id":4475,"date":"2026-01-07T18:56:50","date_gmt":"2026-01-07T18:56:50","guid":{"rendered":"https:\/\/lagumex.mx\/index\/?p=4475"},"modified":"2026-01-31T18:57:35","modified_gmt":"2026-01-31T18:57:35","slug":"2026-sera-un-ano-relevante-en-el-desarrollo-de-durango-ernesto-alanis","status":"publish","type":"post","link":"https:\/\/lagumex.mx\/index\/uncategorized\/congreso-de-durango\/2026-sera-un-ano-relevante-en-el-desarrollo-de-durango-ernesto-alanis\/","title":{"rendered":"2026, ser\u00e1 un a\u00f1o relevante en el desarrollo de Durango: Ernesto Alan\u00eds."},"content":{"rendered":"\n<p>07 de enero de 2026.- El presidente de la Junta de Gobierno y Coordinaci\u00f3n Pol\u00edtica, Ernesto Alan\u00eds Herrera afirm\u00f3 que el 2026 se convertir\u00e1 en un a\u00f1o relevante para Durango, marcado por resultados concretos, contacto social permanente, el uso eficiente del presupuesto hist\u00f3rico aprobado para el estado y la consolidaci\u00f3n de nuevas inversiones.<\/p>\n\n\n\n<p>\u201cVamos por la ruta correcta. Necesitamos industrias fuertes que generen empleo, inversi\u00f3n y desarrollo. El 2026 debe ser un a\u00f1o de mucho trabajo, de mucha cercan\u00eda con la gente y de atenci\u00f3n permanente a las demandas de las y los duranguenses\u201d, concluy\u00f3<\/p>\n\n\n\n<p>El coordinador del Grupo Parlamentario del PRI se\u00f1al\u00f3 que desde el Congreso del Estado se mantendr\u00e1 un acompa\u00f1amiento cercano con el Poder Ejecutivo, con el objetivo de que dicho presupuesto se traduzca en beneficios reales para la poblaci\u00f3n, particularmente en \u00e1reas sensibles como la salud p\u00fablica.<\/p>\n\n\n\n<p>\u201cQueremos estar muy atentos para que ese presupuesto hist\u00f3rico sea eficiente socialmente y genere muchos resultados, especialmente en salud, que es una de las demandas m\u00e1s sentidas de la gente. Conocemos las condiciones del IMSS y del ISSSTE, por eso es fundamental que el Estado siga coadyuvando para atender a nuestra poblaci\u00f3n en un territorio tan amplio como el de Durango\u201d, expres\u00f3.<\/p>\n\n\n\n<p>Alan\u00eds Herrera destac\u00f3 la importancia de fortalecer las rutas de la salud y de dar seguimiento puntual a proyectos estrat\u00e9gicos como el Hospital Regional de Santiago Papasquiaro, por el impacto que tendr\u00e1 en toda la regi\u00f3n.<\/p>\n\n\n\n<p>Asimismo, subray\u00f3 que la educaci\u00f3n seguir\u00e1 siendo una prioridad, al tratarse de un tema que involucra directamente el presente y futuro de ni\u00f1as, ni\u00f1os y j\u00f3venes duranguenses. En este sentido, reiter\u00f3 el respaldo a programas de desarrollo social como los apoyos escolares y la entrega de uniformes, que abonan a la igualdad social.<\/p>\n\n\n\n<p>En materia econ\u00f3mica, el legislador celebr\u00f3 la confirmaci\u00f3n del polo de desarrollo anunciado por la Presidencia de la Rep\u00fablica, as\u00ed como las inversiones millonarias en la industria automotriz, al considerar que este tipo de proyectos generan un anclaje s\u00f3lido y una derrama econ\u00f3mica que beneficia a otros sectores productivos del estado.<\/p>\n","protected":false},"excerpt":{"rendered":"<p>07 de enero de 2026.- El presidente de la Junta de Gobierno y Coordinaci\u00f3n Pol\u00edtica, Ernesto Alan\u00eds Herrera afirm\u00f3 que el 2026 se convertir\u00e1 en un a\u00f1o relevante para Durango, marcado por resultados concretos, contacto social permanente, el uso eficiente del presupuesto hist\u00f3rico aprobado para el estado y la consolidaci\u00f3n de nuevas inversiones. \u201cVamos por&#8230;<\/p>\n","protected":false},"author":1,"featured_media":4476,"comment_status":"open","ping_status":"open","sticky":false,"template":"","format":"standard","meta":{"footnotes":""},"categories":[13],"tags":[],"class_list":["post-4475","post","type-post","status-publish","format-standard","has-post-thumbnail","hentry","category-congreso-de-durango"],"_links":{"self":[{"href":"https:\/\/lagumex.mx\/index\/wp-json\/wp\/v2\/posts\/4475","targetHints":{"allow":["GET"]}}],"collection":[{"href":"https:\/\/lagumex.mx\/index\/wp-json\/wp\/v2\/posts"}],"about":[{"href":"https:\/\/lagumex.mx\/index\/wp-json\/wp\/v2\/types\/post"}],"author":[{"embeddable":true,"href":"https:\/\/lagumex.mx\/index\/wp-json\/wp\/v2\/users\/1"}],"replies":[{"embeddable":true,"href":"https:\/\/lagumex.mx\/index\/wp-json\/wp\/v2\/comments?post=4475"}],"version-history":[{"count":1,"href":"https:\/\/lagumex.mx\/index\/wp-json\/wp\/v2\/posts\/4475\/revisions"}],"predecessor-version":[{"id":4477,"href":"https:\/\/lagumex.mx\/index\/wp-json\/wp\/v2\/posts\/4475\/revisions\/4477"}],"wp:featuredmedia":[{"embeddable":true,"href":"https:\/\/lagumex.mx\/index\/wp-json\/wp\/v2\/media\/4476"}],"wp:attachment":[{"href":"https:\/\/lagumex.mx\/index\/wp-json\/wp\/v2\/media?parent=4475"}],"wp:term":[{"taxonomy":"category","embeddable":true,"href":"https:\/\/lagumex.mx\/index\/wp-json\/wp\/v2\/categories?post=4475"},{"taxonomy":"post_tag","embeddable":true,"href":"https:\/\/lagumex.mx\/index\/wp-json\/wp\/v2\/tags?post=4475"}],"curies":[{"name":"wp","href":"https:\/\/api.w.org\/{rel}","templated":true}]}}