{"id":4472,"date":"2026-01-08T18:55:37","date_gmt":"2026-01-08T18:55:37","guid":{"rendered":"https:\/\/lagumex.mx\/index\/?p=4472"},"modified":"2026-01-31T18:58:49","modified_gmt":"2026-01-31T18:58:49","slug":"el-buen-trabajo-legislativo-tambien-se-construye-con-amistad-ernesto-alanis","status":"publish","type":"post","link":"https:\/\/lagumex.mx\/index\/uncategorized\/congreso-de-durango\/el-buen-trabajo-legislativo-tambien-se-construye-con-amistad-ernesto-alanis\/","title":{"rendered":"El buen trabajo legislativo tambi\u00e9n se construye con amistad: Ernesto Alan\u00eds."},"content":{"rendered":"\n<p>08 de enero de 2026.- En una amena convivencia donde el personal del Congreso de Durango comparti\u00f3 la tradicional Rosca de Reyes, el Presidente de la Junta de Gobierno y Coordinaci\u00f3n Pol\u00edtica Ernesto Alan\u00eds Herrera, destac\u00f3 la importancia de trabajar bajo un ambiente de armon\u00eda y amistad, porque tambien as\u00ed se construyen las buenas bases legislativas.<\/p>\n\n\n\n<p>En el segundo patio de la sede del Poder Legislativo se reunieron quienes laboran en las diferentes \u00e1reas de la c\u00e1mara en un ambiente de camader\u00eda y ah\u00ed, compartieron esta tradici\u00f3n de importante arraigo entre las familias mexicanas.<\/p>\n\n\n\n<p>El Presidente de la Junta de Gobierno y Coordinaci\u00f3n Pol\u00edtica en la c\u00e1mara, Ernesto Alan\u00eds Herrera, dej\u00f3 en claro la importancia de trabajar bajo un ambiente de cordialidad y armon\u00eda que permita transitar por el camino de prosperidad colectiva.<\/p>\n\n\n\n<p>\u201cYo no concibo c\u00f3mo pudi\u00e9ramos convivir las fuerzas pol\u00edticas ante toda la tem\u00e1tica y los problemas que atendemos, si no se rebasara esa parte al tema de la amistad y el respeto. Y por ustedes como compa\u00f1eros de trabajo, hay mucho respeto. Y de manera particular yo les dir\u00eda que buscamos su amistad\u201d.<\/p>\n\n\n\n<p>Convoc\u00f3 a continuar con ese esp\u00edritu de colaboraci\u00f3n que ha permitido sacar adelante los temas que a los duranguenses les interesan. \u201cAqu\u00ed se trabaja fuerte, se trabaja bien y se trabaja para Durango\u201d.<\/p>\n\n\n\n<p>Por su parte, el coordinador de la fracci\u00f3n parlamentaria Cuarta Transformaci\u00f3n, H\u00e9ctor Herrera, emiti\u00f3 una singular apreciaci\u00f3n; \u201ces un gusto saludarlos, y pues, creo que estuvieron buenas las posadas, los tamales, el ponchecito, ya todos nos vemos diferentes\u201d, lo cual caus\u00f3 risas en quienes se sintieron aludidos.<\/p>\n\n\n\n<p>A\u00fan con el \u00e1nimo de celebraci\u00f3n, el coordinador de los diputados morenistas se incluy\u00f3 en ese cambio f\u00edsico que destaca entre los mexicanos posterior a la mejor \u00e9poca del a\u00f1o y enseguida emiti\u00f3 un mensaje de buenos deseos y prosperidad para todos y cada uno de quienes laboran en el Congreso del Estado.<\/p>\n\n\n\n<p>Inst\u00f3 a los ah\u00ed presentes, a seguir con ese compromiso de trabajar por Durango y finalmente agradeci\u00f3 el apoyo y respaldo que han brindado a todas y todos los diputados.<\/p>\n\n\n\n<p>El diputado del Partido Acci\u00f3n Nacional (PAN), Cesar Rivas, de igual forma reconoci\u00f3 el trabajo que realizan en cada una de las \u00e1reas, ya que sin su comprometida labor, el trabajo de los diputados no ser\u00eda posible.<\/p>\n\n\n\n<p>En su oportunidad ante el micr\u00f3fono, el diputado del partido MORENA Alejandro Mata, agradeci\u00f3 el apoyo que a su fracci\u00f3n han brindado quienes trabajan incansablemente en el Poder Legislativo y les pidi\u00f3 \u201cnunca dejen de luchar por sus familias, por sus barrios, sus fraccionamientos, por sus compa\u00f1eros de trabajo. Estoy seguro que el 2026 va a traer much\u00edsimas bendiciones para todos y cada uno\u201d.<\/p>\n\n\n\n<p>El legislador y representante de las comunidades ind\u00edgenas en Durango, Iv\u00e1n Soto Mend\u00eda, dese\u00f3 a todos mucha salud \u201cyo siempre he dicho que, teniendo salud, todo lo dem\u00e1s como quiera ah\u00ed lo vamos manejando\u201d.<\/p>\n\n\n\n<p>Retom\u00f3 parte del mensaje de su hom\u00f3logo el legislador Iv\u00e1n Soto, al recalcar \u201cluchen por sus sue\u00f1os, yo soy testigo de que todo se puede lograr cuando uno tiene alg\u00fan prop\u00f3sito, yo he sido bendecido mucho por mi Padre Dios y por eso los invito a que no dejemos de luchar por nuestros prop\u00f3sitos, por nuestros sue\u00f1os, a veces parecen inalcanzables\u201d.<\/p>\n\n\n\n<p>Tras los mensajes emitidos por los legisladores, se parti\u00f3 la tradicional rosca y entre los diputados que corrieron con la suerte de encontrar el Ni\u00f1o Dios, fueron el diputado Ernesto Alan\u00eds, el diputado Cesar Rivas y el diputado Alejandro Mata.<\/p>\n\n\n\n<p>La din\u00e1mica para quienes encontraron la peque\u00f1a representaci\u00f3n del Ni\u00f1o Dios, un poco alejada de la original tradici\u00f3n de pagar los tamales en el D\u00eda de la Candelaria, pero sin duda con un mejor objetivo, fue donar un juguete para que sea entregado a las ni\u00f1as y ni\u00f1os que est\u00e1n en tratamiento en el Centro Estatal de Cancerolog\u00eda.<\/p>\n","protected":false},"excerpt":{"rendered":"<p>08 de enero de 2026.- En una amena convivencia donde el personal del Congreso de Durango comparti\u00f3 la tradicional Rosca de Reyes, el Presidente de la Junta de Gobierno y Coordinaci\u00f3n Pol\u00edtica Ernesto Alan\u00eds Herrera, destac\u00f3 la importancia de trabajar bajo un ambiente de armon\u00eda y amistad, porque tambien as\u00ed se construyen las buenas bases&#8230;<\/p>\n","protected":false},"author":1,"featured_media":4473,"comment_status":"open","ping_status":"open","sticky":false,"template":"","format":"standard","meta":{"footnotes":""},"categories":[13],"tags":[],"class_list":["post-4472","post","type-post","status-publish","format-standard","has-post-thumbnail","hentry","category-congreso-de-durango"],"_links":{"self":[{"href":"https:\/\/lagumex.mx\/index\/wp-json\/wp\/v2\/posts\/4472","targetHints":{"allow":["GET"]}}],"collection":[{"href":"https:\/\/lagumex.mx\/index\/wp-json\/wp\/v2\/posts"}],"about":[{"href":"https:\/\/lagumex.mx\/index\/wp-json\/wp\/v2\/types\/post"}],"author":[{"embeddable":true,"href":"https:\/\/lagumex.mx\/index\/wp-json\/wp\/v2\/users\/1"}],"replies":[{"embeddable":true,"href":"https:\/\/lagumex.mx\/index\/wp-json\/wp\/v2\/comments?post=4472"}],"version-history":[{"count":4,"href":"https:\/\/lagumex.mx\/index\/wp-json\/wp\/v2\/posts\/4472\/revisions"}],"predecessor-version":[{"id":4480,"href":"https:\/\/lagumex.mx\/index\/wp-json\/wp\/v2\/posts\/4472\/revisions\/4480"}],"wp:featuredmedia":[{"embeddable":true,"href":"https:\/\/lagumex.mx\/index\/wp-json\/wp\/v2\/media\/4473"}],"wp:attachment":[{"href":"https:\/\/lagumex.mx\/index\/wp-json\/wp\/v2\/media?parent=4472"}],"wp:term":[{"taxonomy":"category","embeddable":true,"href":"https:\/\/lagumex.mx\/index\/wp-json\/wp\/v2\/categories?post=4472"},{"taxonomy":"post_tag","embeddable":true,"href":"https:\/\/lagumex.mx\/index\/wp-json\/wp\/v2\/tags?post=4472"}],"curies":[{"name":"wp","href":"https:\/\/api.w.org\/{rel}","templated":true}]}}