{"id":4469,"date":"2026-01-16T18:53:21","date_gmt":"2026-01-16T18:53:21","guid":{"rendered":"https:\/\/lagumex.mx\/index\/?p=4469"},"modified":"2026-01-31T18:54:48","modified_gmt":"2026-01-31T18:54:48","slug":"llaman-diputados-del-pri-a-legislar-en-favor-de-la-gente","status":"publish","type":"post","link":"https:\/\/lagumex.mx\/index\/uncategorized\/congreso-de-durango\/llaman-diputados-del-pri-a-legislar-en-favor-de-la-gente\/","title":{"rendered":"Llaman diputados del PRI a legislar en favor de la gente."},"content":{"rendered":"\n<p>16 de enero de 2026.- M\u00e1s que calidad de leyes, importa su calidad y el impacto en las familias de Durango, afirma Noel Fern\u00e1ndez.<\/p>\n\n\n\n<p>Los diputados del PRI hicieron un llamado a legislar en favor de la gente, subrayando que el Poder Legislativo debe ser un espacio de di\u00e1logo, escucha y construcci\u00f3n del bien com\u00fan, donde el objetivo central no sea \u00fanicamente la cantidad de leyes aprobadas, sino su calidad y el impacto real que generan en las familias de Durango.<\/p>\n\n\n\n<p>Durante la primera sesi\u00f3n de la Comisi\u00f3n Permanente de la c\u00e1mara local, el diputado Noel Fern\u00e1ndez Maturino, afirm\u00f3 que legislar implica deliberar, construir consensos y anteponer el inter\u00e9s colectivo por encima de cualquier diferencia partidista; demanda tambi\u00e9n, responsabilidad, madurez pol\u00edtica y visi\u00f3n de futuro.<\/p>\n\n\n\n<p>El legislador, integrante del Grupo Parlamentario del PRI, subray\u00f3 que la pluralidad debe traducirse en acuerdos, estabilidad institucional y decisiones estrat\u00e9gicas que respondan a los retos presentes y de mediano y largo plazo. Llam\u00f3 a las y los diputados de todas las fuerzas pol\u00edticas representadas en el Congreso a legislar mejor para generar resultados reales para la gente. \u201cM\u00e1s que cantidad de leyes, importa su calidad, su impacto en el desarrollo, la seguridad, la justicia social y la protecci\u00f3n de los sectores m\u00e1s vulnerables, con seguimiento y evaluaci\u00f3n efectiva\u201d.<\/p>\n\n\n\n<p>A nombre del Grupo Parlamentario del PRI, refrend\u00f3 su compromiso de actuar con responsabilidad, con visi\u00f3n de futuro y con un profundo sentido de servicio. \u201cAspiramos a que este periodo sea recordado no solo por los debates, sino por los cambios logrados; no solo por los acuerdos, sino por los resultados que la ciudadan\u00eda pueda ver y sentir en su vida cotidiana\u201d.<\/p>\n","protected":false},"excerpt":{"rendered":"<p>16 de enero de 2026.- M\u00e1s que calidad de leyes, importa su calidad y el impacto en las familias de Durango, afirma Noel Fern\u00e1ndez. Los diputados del PRI hicieron un llamado a legislar en favor de la gente, subrayando que el Poder Legislativo debe ser un espacio de di\u00e1logo, escucha y construcci\u00f3n del bien com\u00fan,&#8230;<\/p>\n","protected":false},"author":1,"featured_media":4470,"comment_status":"open","ping_status":"open","sticky":false,"template":"","format":"standard","meta":{"footnotes":""},"categories":[13],"tags":[],"class_list":["post-4469","post","type-post","status-publish","format-standard","has-post-thumbnail","hentry","category-congreso-de-durango"],"_links":{"self":[{"href":"https:\/\/lagumex.mx\/index\/wp-json\/wp\/v2\/posts\/4469","targetHints":{"allow":["GET"]}}],"collection":[{"href":"https:\/\/lagumex.mx\/index\/wp-json\/wp\/v2\/posts"}],"about":[{"href":"https:\/\/lagumex.mx\/index\/wp-json\/wp\/v2\/types\/post"}],"author":[{"embeddable":true,"href":"https:\/\/lagumex.mx\/index\/wp-json\/wp\/v2\/users\/1"}],"replies":[{"embeddable":true,"href":"https:\/\/lagumex.mx\/index\/wp-json\/wp\/v2\/comments?post=4469"}],"version-history":[{"count":1,"href":"https:\/\/lagumex.mx\/index\/wp-json\/wp\/v2\/posts\/4469\/revisions"}],"predecessor-version":[{"id":4471,"href":"https:\/\/lagumex.mx\/index\/wp-json\/wp\/v2\/posts\/4469\/revisions\/4471"}],"wp:featuredmedia":[{"embeddable":true,"href":"https:\/\/lagumex.mx\/index\/wp-json\/wp\/v2\/media\/4470"}],"wp:attachment":[{"href":"https:\/\/lagumex.mx\/index\/wp-json\/wp\/v2\/media?parent=4469"}],"wp:term":[{"taxonomy":"category","embeddable":true,"href":"https:\/\/lagumex.mx\/index\/wp-json\/wp\/v2\/categories?post=4469"},{"taxonomy":"post_tag","embeddable":true,"href":"https:\/\/lagumex.mx\/index\/wp-json\/wp\/v2\/tags?post=4469"}],"curies":[{"name":"wp","href":"https:\/\/api.w.org\/{rel}","templated":true}]}}