{"id":4466,"date":"2026-01-29T18:51:28","date_gmt":"2026-01-29T18:51:28","guid":{"rendered":"https:\/\/lagumex.mx\/index\/?p=4466"},"modified":"2026-01-31T18:52:59","modified_gmt":"2026-01-31T18:52:59","slug":"durango-tendra-mas-obras-con-impacto-social-y-vision-de-futuro-ernesto-alanis","status":"publish","type":"post","link":"https:\/\/lagumex.mx\/index\/uncategorized\/congreso-de-durango\/durango-tendra-mas-obras-con-impacto-social-y-vision-de-futuro-ernesto-alanis\/","title":{"rendered":"Durango tendr\u00e1 m\u00e1s obras con impacto social y visi\u00f3n de futuro: Ernesto Alan\u00eds"},"content":{"rendered":"\n<p>29 de enero de 2026.- El presidente de la Junta de Gobierno y Coordinaci\u00f3n Pol\u00edtica del Congreso del Estado, Ernesto Alan\u00eds Herrera, reconoci\u00f3 el sentido social, la planeaci\u00f3n responsable y la coordinaci\u00f3n estrecha del Gobierno del Estado y el municipio de la capital para consolidar el Programa de Obras y Plan de Trabajo 2026.<\/p>\n\n\n\n<p>Al asistir al evento denominado \u201cEste es el Camino\u201d, encabezado por el alcalde To\u00f1o Ochoa y el gobernador Esteban Villegas, el legislador destac\u00f3 que el plan presentado no solo refleja cifras presupuestales, sino una visi\u00f3n integral que ya se traduce en acciones concretas y program\u00e1ticas que impactar\u00e1n directamente en la calidad de vida de las y los duranguenses.<\/p>\n\n\n\n<p>\u201cConoc\u00edamos el proyecto en t\u00e9rminos num\u00e9ricos, alrededor de dos mil millones de pesos, pero hoy ya lo vemos en una etapa program\u00e1tica, con anuncios claros de vialidades importantes que conectan puntos clave de la ciudad y que mejoran la movilidad, los servicios y las oportunidades de transporte para la ciudadan\u00eda\u201d, expres\u00f3.<\/p>\n\n\n\n<p>El legislador subray\u00f3 que las obras anunciadas no solo atienden la mancha urbana, sino que incorporan una visi\u00f3n social amplia, especialmente en materia de salud y atenci\u00f3n a comunidades rurales de la zona valle y de la sierra, ya que son acciones de alto impacto social que responden a una realidad que muchas veces permanece invisible.<\/p>\n\n\n\n<p>Alan\u00eds Herrera se\u00f1al\u00f3 que, desde el Congreso del Estado, resulta relevante observar el proceso completo, desde lo presupuestado, lo planeado y ahora lo anunciado, destacando que el plan cumple con los mecanismos de participaci\u00f3n y consenso social que marca la Ley de Planeaci\u00f3n.<\/p>\n\n\n\n<p>\u201cEste proyecto est\u00e1 consensuado, incorpora a distintos sectores de la sociedad y cumple con los pasos que establece la ley. Ahora viene la etapa m\u00e1s importante, la ejecuci\u00f3n, que deber\u00e1 realizarse con control, transparencia y calidad, porque despu\u00e9s vendr\u00e1 la fiscalizaci\u00f3n por parte del Congreso del Estado\u201d, afirm\u00f3.<\/p>\n\n\n\n<p>Finalmente, el presidente de la Junta de Gobierno resalt\u00f3 el mensaje que deja el evento, ya que la presencia del gobernador Esteban Villegas y de las diputadas y los diputados del Congreso habla de un acompa\u00f1amiento pol\u00edtico y de una coordinaci\u00f3n real entre niveles de gobierno. No solo se anunci\u00f3 discursivamente, se est\u00e1 demostrando con inversiones que se van a complementar para dar respuestas claras a lo que Durango necesita en este momento.<\/p>\n","protected":false},"excerpt":{"rendered":"<p>29 de enero de 2026.- El presidente de la Junta de Gobierno y Coordinaci\u00f3n Pol\u00edtica del Congreso del Estado, Ernesto Alan\u00eds Herrera, reconoci\u00f3 el sentido social, la planeaci\u00f3n responsable y la coordinaci\u00f3n estrecha del Gobierno del Estado y el municipio de la capital para consolidar el Programa de Obras y Plan de Trabajo 2026. Al&#8230;<\/p>\n","protected":false},"author":1,"featured_media":4467,"comment_status":"open","ping_status":"open","sticky":false,"template":"","format":"standard","meta":{"footnotes":""},"categories":[13],"tags":[],"class_list":["post-4466","post","type-post","status-publish","format-standard","has-post-thumbnail","hentry","category-congreso-de-durango"],"_links":{"self":[{"href":"https:\/\/lagumex.mx\/index\/wp-json\/wp\/v2\/posts\/4466","targetHints":{"allow":["GET"]}}],"collection":[{"href":"https:\/\/lagumex.mx\/index\/wp-json\/wp\/v2\/posts"}],"about":[{"href":"https:\/\/lagumex.mx\/index\/wp-json\/wp\/v2\/types\/post"}],"author":[{"embeddable":true,"href":"https:\/\/lagumex.mx\/index\/wp-json\/wp\/v2\/users\/1"}],"replies":[{"embeddable":true,"href":"https:\/\/lagumex.mx\/index\/wp-json\/wp\/v2\/comments?post=4466"}],"version-history":[{"count":1,"href":"https:\/\/lagumex.mx\/index\/wp-json\/wp\/v2\/posts\/4466\/revisions"}],"predecessor-version":[{"id":4468,"href":"https:\/\/lagumex.mx\/index\/wp-json\/wp\/v2\/posts\/4466\/revisions\/4468"}],"wp:featuredmedia":[{"embeddable":true,"href":"https:\/\/lagumex.mx\/index\/wp-json\/wp\/v2\/media\/4467"}],"wp:attachment":[{"href":"https:\/\/lagumex.mx\/index\/wp-json\/wp\/v2\/media?parent=4466"}],"wp:term":[{"taxonomy":"category","embeddable":true,"href":"https:\/\/lagumex.mx\/index\/wp-json\/wp\/v2\/categories?post=4466"},{"taxonomy":"post_tag","embeddable":true,"href":"https:\/\/lagumex.mx\/index\/wp-json\/wp\/v2\/tags?post=4466"}],"curies":[{"name":"wp","href":"https:\/\/api.w.org\/{rel}","templated":true}]}}