{"id":4463,"date":"2026-01-27T18:49:51","date_gmt":"2026-01-27T18:49:51","guid":{"rendered":"https:\/\/lagumex.mx\/index\/?p=4463"},"modified":"2026-01-31T18:51:10","modified_gmt":"2026-01-31T18:51:10","slug":"pide-cesar-rivas-foros-informativos-sobre-nueva-ley-general-de-aguas","status":"publish","type":"post","link":"https:\/\/lagumex.mx\/index\/uncategorized\/congreso-de-durango\/pide-cesar-rivas-foros-informativos-sobre-nueva-ley-general-de-aguas\/","title":{"rendered":"Pide C\u00e9sar Rivas foros informativos sobre nueva Ley General de Aguas"},"content":{"rendered":"\n<p>27 de enero de 2026.- Ante la reciente aprobaci\u00f3n de la Ley General de Aguas y las reformas a la Ley de Aguas Nacionales, el diputado C\u00e9sar Rivas B. Nev\u00e1rez, solicit\u00f3 al gobierno federal realizar foros informativos, jornadas de socializaci\u00f3n y asesor\u00eda directa en las entre las comunidades rurales y productores del campo duranguense.<\/p>\n\n\n\n<p>\u201cEn Durango, cada gota de agua representa trabajo, esfuerzo y futuro. Por eso, cuando se habla de nuevas leyes o cambios en las reglas, es natural que surjan dudas y preocupaciones leg\u00edtimas entre quienes viven del campo\u201d, expres\u00f3 durante la sesi\u00f3n de la Comisi\u00f3n Permanente.<\/p>\n\n\n\n<p>El integrante del Grupo Parlamentario del PAN destac\u00f3 que antes de cualquier implementaci\u00f3n, es indispensable escuchar, informar y acompa\u00f1ar a quienes dependen directamente del agua para su trabajo y sustento.<\/p>\n\n\n\n<p>Record\u00f3 que el pasado mes de diciembre el Congreso de la Uni\u00f3n aprob\u00f3 en lo general el proyecto de Ley General de Aguas, mismo que fue publicado en el Diario Oficial de la Federaci\u00f3n el 11 de diciembre de 2025, y que plantea una transformaci\u00f3n en la regulaci\u00f3n del recurso h\u00eddrico, con \u00e9nfasis en el derecho humano al agua, la sostenibilidad y la transparencia.<\/p>\n\n\n\n<p>Sin embargo, el diputado fue enf\u00e1tico en se\u00f1alar que no se trata de imponer reglas sin di\u00e1logo, sino de garantizar que productores, campesinos y familias rurales comprendan con claridad c\u00f3mo les impacta esta reforma, qu\u00e9 pasar\u00e1 con sus derechos de agua y c\u00f3mo se dar\u00e1 certeza al uso de pozos y sistemas de riego.<\/p>\n\n\n\n<p>\u201cEl uso del agua en el campo no es un tema t\u00e9cnico: es vida, es milpa, es familia. Por eso estas pol\u00edticas deben explicarse con palabras sencillas, sin tecnicismos, sin confusi\u00f3n y sin generar miedo\u201d, sostuvo.<\/p>\n\n\n\n<p>Por ello, hizo un llamado respetuoso al gobierno federal y a las autoridades responsables del manejo del agua para que este nuevo marco legal no se quede en decretos, sino que llegue al campo con informaci\u00f3n clara, oportuna y veraz.<\/p>\n","protected":false},"excerpt":{"rendered":"<p>27 de enero de 2026.- Ante la reciente aprobaci\u00f3n de la Ley General de Aguas y las reformas a la Ley de Aguas Nacionales, el diputado C\u00e9sar Rivas B. Nev\u00e1rez, solicit\u00f3 al gobierno federal realizar foros informativos, jornadas de socializaci\u00f3n y asesor\u00eda directa en las entre las comunidades rurales y productores del campo duranguense. \u201cEn&#8230;<\/p>\n","protected":false},"author":1,"featured_media":4464,"comment_status":"open","ping_status":"open","sticky":false,"template":"","format":"standard","meta":{"footnotes":""},"categories":[13],"tags":[],"class_list":["post-4463","post","type-post","status-publish","format-standard","has-post-thumbnail","hentry","category-congreso-de-durango"],"_links":{"self":[{"href":"https:\/\/lagumex.mx\/index\/wp-json\/wp\/v2\/posts\/4463","targetHints":{"allow":["GET"]}}],"collection":[{"href":"https:\/\/lagumex.mx\/index\/wp-json\/wp\/v2\/posts"}],"about":[{"href":"https:\/\/lagumex.mx\/index\/wp-json\/wp\/v2\/types\/post"}],"author":[{"embeddable":true,"href":"https:\/\/lagumex.mx\/index\/wp-json\/wp\/v2\/users\/1"}],"replies":[{"embeddable":true,"href":"https:\/\/lagumex.mx\/index\/wp-json\/wp\/v2\/comments?post=4463"}],"version-history":[{"count":1,"href":"https:\/\/lagumex.mx\/index\/wp-json\/wp\/v2\/posts\/4463\/revisions"}],"predecessor-version":[{"id":4465,"href":"https:\/\/lagumex.mx\/index\/wp-json\/wp\/v2\/posts\/4463\/revisions\/4465"}],"wp:featuredmedia":[{"embeddable":true,"href":"https:\/\/lagumex.mx\/index\/wp-json\/wp\/v2\/media\/4464"}],"wp:attachment":[{"href":"https:\/\/lagumex.mx\/index\/wp-json\/wp\/v2\/media?parent=4463"}],"wp:term":[{"taxonomy":"category","embeddable":true,"href":"https:\/\/lagumex.mx\/index\/wp-json\/wp\/v2\/categories?post=4463"},{"taxonomy":"post_tag","embeddable":true,"href":"https:\/\/lagumex.mx\/index\/wp-json\/wp\/v2\/tags?post=4463"}],"curies":[{"name":"wp","href":"https:\/\/api.w.org\/{rel}","templated":true}]}}