{"id":4455,"date":"2026-01-05T18:19:02","date_gmt":"2026-01-05T18:19:02","guid":{"rendered":"https:\/\/lagumex.mx\/index\/?p=4455"},"modified":"2026-01-07T18:20:54","modified_gmt":"2026-01-07T18:20:54","slug":"dif-coahuila-fortalece-su-compromiso-con-las-familias-en-este-2026","status":"publish","type":"post","link":"https:\/\/lagumex.mx\/index\/uncategorized\/uac\/uac-uac\/coahuila-coahuila\/dif-coahuila-fortalece-su-compromiso-con-las-familias-en-este-2026\/","title":{"rendered":"DIF Coahuila fortalece su compromiso con las familias en este 2026"},"content":{"rendered":"\n<p><strong>0<\/strong>5 de enero de 2026, <strong>Saltillo, Coahuila de Zaragoza<\/strong>.- Con una visi\u00f3n centrada en el bienestar integral de las familias coahuilenses, el DIF Coahuila refrenda su compromiso social y anuncia que el 2026 ser\u00e1 un a\u00f1o de mayor fortalecimiento a sus programas, estrategias y servicios, enfocados en la prevenci\u00f3n, la atenci\u00f3n oportuna y el acompa\u00f1amiento cercano a quienes m\u00e1s lo necesitan.<\/p>\n\n\n\n<p>La presidenta honoraria del DIF Coahuila, Liliana Salinas Vald\u00e9s, destac\u00f3 que se impulsaron acciones clave que sentaron bases s\u00f3lidas para seguir avanzando en la construcci\u00f3n de entornos m\u00e1s sanos, seguros y solidarios, y que sus resultados representan un esfuerzo colectivo y un compromiso permanente con las familias del estado.<\/p>\n\n\n\n<p>\u201cCada acci\u00f3n que emprendemos tiene como centro a las personas. El 2026 llegar\u00e1 con m\u00e1s apoyo, m\u00e1s cercan\u00eda y m\u00e1s oportunidades para las familias coahuilenses. Seguiremos fortaleciendo nuestros programas, ampliando la cobertura y trabajando con sensibilidad y responsabilidad social para que nadie se quede atr\u00e1s\u201d, expres\u00f3.<\/p>\n\n\n\n<p>Entre estas acciones destaca el arranque del programa multi anual \u201cVive Libre Sin Drogas\u201d, dise\u00f1ado para fortalecer la prevenci\u00f3n y el combate a las adicciones, especialmente entre ni\u00f1as, ni\u00f1os, adolescentes y j\u00f3venes, promoviendo estilos de vida saludables y decisiones responsables.<\/p>\n\n\n\n<p>Asimismo, se puso en marcha la estrategia Impulsores de Paz, orientada a fomentar el di\u00e1logo, la mediaci\u00f3n y la resoluci\u00f3n pac\u00edfica de conflictos, fortaleciendo la cohesi\u00f3n social y la convivencia arm\u00f3nica en comunidades, escuelas y familias.<\/p>\n\n\n\n<p>En materia de atenci\u00f3n familiar, se pusieron en operaci\u00f3n cinco nuevos Centros de Atenci\u00f3n e Integraci\u00f3n Familiar (CAIF), alcanzando un total de 33 en todo el estado, consolidando estos espacios como puntos clave de acompa\u00f1amiento y orientaci\u00f3n integral.<\/p>\n\n\n\n<p>Como parte del fortalecimiento a la atenci\u00f3n de las mujeres, se inaugur\u00f3 el Centro de Atenci\u00f3n a Mujeres en Saltillo, un espacio especializado que ofrece atenci\u00f3n integral a mujeres v\u00edctimas de violencia, as\u00ed como a sus hijas e hijos, reafirmando el compromiso institucional con una vida libre de violencia y con el acceso a servicios dignos y especializados.<\/p>\n\n\n\n<p>La atenci\u00f3n a las personas adultas mayores fue otro eje prioritario. A trav\u00e9s del Centro Estatal de Atenci\u00f3n Integral a las Personas Adultas Mayores y los 84 centros de atenci\u00f3n integral distribuidos en todas las regiones del estado, se benefici\u00f3 a miles de personas adultas mayores, promoviendo un envejecimiento activo, digno y con bienestar.<\/p>\n\n\n\n<p>En favor de las personas con discapacidad, el DIF Coahuila ofreci\u00f3 servicios de traslado, adem\u00e1s de otorgar servicios en los centros de rehabilitaci\u00f3n del estado. De igual manera, se entregaron apoyos a personas en situaci\u00f3n de vulnerabilidad y a sus familias, entre ellos miles de aparatos funcionales, lentes, pr\u00f3tesis externas de mama, auxiliares auditivos, miles de cirug\u00edas de cataratas, as\u00ed como apoyos en medicamentos, pa\u00f1ales y otros insumos esenciales.<\/p>\n\n\n\n<p>En el \u00e1mbito alimentario, a trav\u00e9s del Programa de Alimentaci\u00f3n Escolar, en sus dos modalidades, se benefici\u00f3 a miles de alumnas y alumnos con la entrega de desayunos, contribuyendo a una mejor nutrici\u00f3n y al desarrollo integral de la ni\u00f1ez coahuilense.<\/p>\n","protected":false},"excerpt":{"rendered":"<p>05 de enero de 2026, Saltillo, Coahuila de Zaragoza.- Con una visi\u00f3n centrada en el bienestar integral de las familias coahuilenses, el DIF Coahuila refrenda su compromiso social y anuncia que el 2026 ser\u00e1 un a\u00f1o de mayor fortalecimiento a sus programas, estrategias y servicios, enfocados en la prevenci\u00f3n, la atenci\u00f3n oportuna y el acompa\u00f1amiento&#8230;<\/p>\n","protected":false},"author":1,"featured_media":0,"comment_status":"open","ping_status":"open","sticky":false,"template":"","format":"standard","meta":{"footnotes":""},"categories":[2],"tags":[],"class_list":["post-4455","post","type-post","status-publish","format-standard","hentry","category-coahuila-coahuila"],"_links":{"self":[{"href":"https:\/\/lagumex.mx\/index\/wp-json\/wp\/v2\/posts\/4455","targetHints":{"allow":["GET"]}}],"collection":[{"href":"https:\/\/lagumex.mx\/index\/wp-json\/wp\/v2\/posts"}],"about":[{"href":"https:\/\/lagumex.mx\/index\/wp-json\/wp\/v2\/types\/post"}],"author":[{"embeddable":true,"href":"https:\/\/lagumex.mx\/index\/wp-json\/wp\/v2\/users\/1"}],"replies":[{"embeddable":true,"href":"https:\/\/lagumex.mx\/index\/wp-json\/wp\/v2\/comments?post=4455"}],"version-history":[{"count":1,"href":"https:\/\/lagumex.mx\/index\/wp-json\/wp\/v2\/posts\/4455\/revisions"}],"predecessor-version":[{"id":4456,"href":"https:\/\/lagumex.mx\/index\/wp-json\/wp\/v2\/posts\/4455\/revisions\/4456"}],"wp:attachment":[{"href":"https:\/\/lagumex.mx\/index\/wp-json\/wp\/v2\/media?parent=4455"}],"wp:term":[{"taxonomy":"category","embeddable":true,"href":"https:\/\/lagumex.mx\/index\/wp-json\/wp\/v2\/categories?post=4455"},{"taxonomy":"post_tag","embeddable":true,"href":"https:\/\/lagumex.mx\/index\/wp-json\/wp\/v2\/tags?post=4455"}],"curies":[{"name":"wp","href":"https:\/\/api.w.org\/{rel}","templated":true}]}}