{"id":4448,"date":"2025-12-22T04:25:00","date_gmt":"2025-12-22T04:25:00","guid":{"rendered":"https:\/\/lagumex.mx\/index\/?p=4448"},"modified":"2025-12-26T16:27:23","modified_gmt":"2025-12-26T16:27:23","slug":"acondiciona-proteccion-civil-de-lerdo-albergue-temporal-dentro-de-sus-instalaciones","status":"publish","type":"post","link":"https:\/\/lagumex.mx\/index\/lerdo\/acondiciona-proteccion-civil-de-lerdo-albergue-temporal-dentro-de-sus-instalaciones\/","title":{"rendered":"Acondiciona Protecci\u00f3n Civil de Lerdo albergue temporal dentro de sus instalaciones"},"content":{"rendered":"\n<p>22 de diciembre de 2025.- <strong>Ante el posible descenso en las temperaturas en la regi\u00f3n, el municipio de Lerdo acondicion\u00f3 un albergue temporal para la atenci\u00f3n de las personas en situaci\u00f3n vulnerable.<\/strong> La atenci\u00f3n del lugar corresponde a la Coordinaci\u00f3n de Protecci\u00f3n Civil y Bomberos, que realiz\u00f3 la instalaci\u00f3n y apertura del Albergue Temporal Municipal, el cual permanecer\u00e1 habilitado durante la presente temporada invernal.El albergue se encuentra ubicado en las instalaciones del Edificio de Protecci\u00f3n Civil y Bomberos, sobre el perif\u00e9rico y tiene como finalidad brindar resguardo a personas en situaci\u00f3n de vulnerabilidad, as\u00ed como a familiares de pacientes hospitalizados que requieran un espacio seguro para protegerse de las inclemencias del tiempo.En este lugar se ofrece un entorno c\u00e1lido y c\u00f3modo, permitiendo a las personas una estancia segura durante las noches de fr\u00edo. <\/p>\n\n\n\n<p>Ante este panorama, la Coordinaci\u00f3n de Protecci\u00f3n Civil exhort\u00f3 a la ciudadan\u00eda a abrigarse adecuadamente, evitar cambios bruscos de temperatura, proteger a los sectores m\u00e1s vulnerables y extremar precauciones al utilizar calentadores u objetos de calefacci\u00f3n dentro de los hogares, a fin de prevenir accidentes o intoxicaciones.<\/p>\n\n\n\n<p>Asimismo, se invita a la poblaci\u00f3n a reportar cualquier situaci\u00f3n de riesgo o a personas que requieran apoyo, comunic\u00e1ndose a la l\u00ednea directa 87 17 25 32 52 o al 911.<\/p>\n","protected":false},"excerpt":{"rendered":"<p>22 de diciembre de 2025.- Ante el posible descenso en las temperaturas en la regi\u00f3n, el municipio de Lerdo acondicion\u00f3 un albergue temporal para la atenci\u00f3n de las personas en situaci\u00f3n vulnerable. La atenci\u00f3n del lugar corresponde a la Coordinaci\u00f3n de Protecci\u00f3n Civil y Bomberos, que realiz\u00f3 la instalaci\u00f3n y apertura del Albergue Temporal Municipal,&#8230;<\/p>\n","protected":false},"author":1,"featured_media":4449,"comment_status":"open","ping_status":"open","sticky":false,"template":"","format":"standard","meta":{"footnotes":""},"categories":[3],"tags":[],"class_list":["post-4448","post","type-post","status-publish","format-standard","has-post-thumbnail","hentry","category-lerdo"],"_links":{"self":[{"href":"https:\/\/lagumex.mx\/index\/wp-json\/wp\/v2\/posts\/4448","targetHints":{"allow":["GET"]}}],"collection":[{"href":"https:\/\/lagumex.mx\/index\/wp-json\/wp\/v2\/posts"}],"about":[{"href":"https:\/\/lagumex.mx\/index\/wp-json\/wp\/v2\/types\/post"}],"author":[{"embeddable":true,"href":"https:\/\/lagumex.mx\/index\/wp-json\/wp\/v2\/users\/1"}],"replies":[{"embeddable":true,"href":"https:\/\/lagumex.mx\/index\/wp-json\/wp\/v2\/comments?post=4448"}],"version-history":[{"count":1,"href":"https:\/\/lagumex.mx\/index\/wp-json\/wp\/v2\/posts\/4448\/revisions"}],"predecessor-version":[{"id":4450,"href":"https:\/\/lagumex.mx\/index\/wp-json\/wp\/v2\/posts\/4448\/revisions\/4450"}],"wp:featuredmedia":[{"embeddable":true,"href":"https:\/\/lagumex.mx\/index\/wp-json\/wp\/v2\/media\/4449"}],"wp:attachment":[{"href":"https:\/\/lagumex.mx\/index\/wp-json\/wp\/v2\/media?parent=4448"}],"wp:term":[{"taxonomy":"category","embeddable":true,"href":"https:\/\/lagumex.mx\/index\/wp-json\/wp\/v2\/categories?post=4448"},{"taxonomy":"post_tag","embeddable":true,"href":"https:\/\/lagumex.mx\/index\/wp-json\/wp\/v2\/tags?post=4448"}],"curies":[{"name":"wp","href":"https:\/\/api.w.org\/{rel}","templated":true}]}}