{"id":4446,"date":"2025-12-23T04:24:00","date_gmt":"2025-12-23T04:24:00","guid":{"rendered":"https:\/\/lagumex.mx\/index\/?p=4446"},"modified":"2025-12-26T16:25:26","modified_gmt":"2025-12-26T16:25:26","slug":"pasara-la-basura-en-lerdo-estas-fiestas-decembrinas","status":"publish","type":"post","link":"https:\/\/lagumex.mx\/index\/lerdo\/pasara-la-basura-en-lerdo-estas-fiestas-decembrinas\/","title":{"rendered":"\u00bfPasar\u00e1 la basura en Lerdo estas fiestas decembrinas?"},"content":{"rendered":"\n<p>23 de diciembre de 2025.- <strong>La recolecci\u00f3n de basura en el municipio de Lerdo no sufrir\u00e1 cambios en estas fechas \u00fanicamente el d\u00eda 25, solo se realizar\u00e1 en la zona centro de la ciudad.<\/strong> \u201cEl 25 solamente hay cuatro rutas en la zona centro confirmadas, y las colonias Magisterial, Villa Jard\u00edn y C\u00e9sar G. Meraz\u201d comparti\u00f3 el titular de la dependencia municipal.El funcionario municipal, coment\u00f3 que de acuerdo a la encomienda de la Presidenta Municipal Susy Carolina Torrecillas Salazar, las unidades recorrer\u00e1n la zona centro para realizar la recolecci\u00f3n eficiente de los residuos generados durante las festividades de Nochebuena y Navidad. Por lo anterior, el director de Servicios P\u00fablicos Municipales, solicit\u00f3 a la ciudadan\u00eda resguardar su basura durante el d\u00eda 25 en zonas sin servicio. Y asegur\u00f3 que para el viernes 26 de diciembre se reanudar\u00e1 la actividad con normalidad, atendiendo todas las rutas estrat\u00e9gicamente conocidas.<\/p>\n","protected":false},"excerpt":{"rendered":"<p>23 de diciembre de 2025.- La recolecci\u00f3n de basura en el municipio de Lerdo no sufrir\u00e1 cambios en estas fechas \u00fanicamente el d\u00eda 25, solo se realizar\u00e1 en la zona centro de la ciudad. \u201cEl 25 solamente hay cuatro rutas en la zona centro confirmadas, y las colonias Magisterial, Villa Jard\u00edn y C\u00e9sar G. Meraz\u201d&#8230;<\/p>\n","protected":false},"author":1,"featured_media":0,"comment_status":"open","ping_status":"open","sticky":false,"template":"","format":"standard","meta":{"footnotes":""},"categories":[3],"tags":[],"class_list":["post-4446","post","type-post","status-publish","format-standard","hentry","category-lerdo"],"_links":{"self":[{"href":"https:\/\/lagumex.mx\/index\/wp-json\/wp\/v2\/posts\/4446","targetHints":{"allow":["GET"]}}],"collection":[{"href":"https:\/\/lagumex.mx\/index\/wp-json\/wp\/v2\/posts"}],"about":[{"href":"https:\/\/lagumex.mx\/index\/wp-json\/wp\/v2\/types\/post"}],"author":[{"embeddable":true,"href":"https:\/\/lagumex.mx\/index\/wp-json\/wp\/v2\/users\/1"}],"replies":[{"embeddable":true,"href":"https:\/\/lagumex.mx\/index\/wp-json\/wp\/v2\/comments?post=4446"}],"version-history":[{"count":1,"href":"https:\/\/lagumex.mx\/index\/wp-json\/wp\/v2\/posts\/4446\/revisions"}],"predecessor-version":[{"id":4447,"href":"https:\/\/lagumex.mx\/index\/wp-json\/wp\/v2\/posts\/4446\/revisions\/4447"}],"wp:attachment":[{"href":"https:\/\/lagumex.mx\/index\/wp-json\/wp\/v2\/media?parent=4446"}],"wp:term":[{"taxonomy":"category","embeddable":true,"href":"https:\/\/lagumex.mx\/index\/wp-json\/wp\/v2\/categories?post=4446"},{"taxonomy":"post_tag","embeddable":true,"href":"https:\/\/lagumex.mx\/index\/wp-json\/wp\/v2\/tags?post=4446"}],"curies":[{"name":"wp","href":"https:\/\/api.w.org\/{rel}","templated":true}]}}