{"id":4443,"date":"2025-12-24T04:20:00","date_gmt":"2025-12-24T04:20:00","guid":{"rendered":"https:\/\/lagumex.mx\/index\/?p=4443"},"modified":"2025-12-26T16:22:30","modified_gmt":"2025-12-26T16:22:30","slug":"areas-operativas-laboraran-de-manera-normal-en-lerdo-este-25-de-diciembre","status":"publish","type":"post","link":"https:\/\/lagumex.mx\/index\/lerdo\/areas-operativas-laboraran-de-manera-normal-en-lerdo-este-25-de-diciembre\/","title":{"rendered":"\u00c1reas operativas laborar\u00e1n de manera normal en Lerdo este 25 de diciembre"},"content":{"rendered":"\n<p>24 de diciembre de 2025.- Por instrucciones de la\u00a0<strong>presidenta municipal, Susy Torrecillas,\u00a0<\/strong>se mantendr\u00e1n en operaci\u00f3n las \u00e1reas estrat\u00e9gicas y de atenci\u00f3n prioritaria, entre las que se encuentran\u00a0<strong>Tr\u00e1nsito y Vialidad, Seguridad P\u00fablica y Protecci\u00f3n Civil,<\/strong>\u00a0con el objetivo de garantizar el orden, la seguridad y la atenci\u00f3n a cualquier eventualidad que pudiera presentarse; en tanto que las actividades administrativas se suspender\u00e1n este 25 de diciembre.Asimismo, se comunica que el viernes se reanudar\u00e1n las actividades administrativas de la\u00a0<strong>Presidencia Municipal,<\/strong>\u00a0retomando labores todas las \u00e1reas en su horario habitual de 9:00 de la ma\u00f1ana a 2:00 de la tarde, para continuar brindando atenci\u00f3n y servicios a la ciudadan\u00eda.El\u00a0<strong>Gobierno Municipal\u00a0<\/strong>agradece la comprensi\u00f3n de la poblaci\u00f3n y refrenda su compromiso de seguir trabajando en beneficio de las y los lerdenses.<\/p>\n","protected":false},"excerpt":{"rendered":"<p>24 de diciembre de 2025.- Por instrucciones de la\u00a0presidenta municipal, Susy Torrecillas,\u00a0se mantendr\u00e1n en operaci\u00f3n las \u00e1reas estrat\u00e9gicas y de atenci\u00f3n prioritaria, entre las que se encuentran\u00a0Tr\u00e1nsito y Vialidad, Seguridad P\u00fablica y Protecci\u00f3n Civil,\u00a0con el objetivo de garantizar el orden, la seguridad y la atenci\u00f3n a cualquier eventualidad que pudiera presentarse; en tanto que las&#8230;<\/p>\n","protected":false},"author":1,"featured_media":4444,"comment_status":"open","ping_status":"open","sticky":false,"template":"","format":"standard","meta":{"footnotes":""},"categories":[3],"tags":[],"class_list":["post-4443","post","type-post","status-publish","format-standard","has-post-thumbnail","hentry","category-lerdo"],"_links":{"self":[{"href":"https:\/\/lagumex.mx\/index\/wp-json\/wp\/v2\/posts\/4443","targetHints":{"allow":["GET"]}}],"collection":[{"href":"https:\/\/lagumex.mx\/index\/wp-json\/wp\/v2\/posts"}],"about":[{"href":"https:\/\/lagumex.mx\/index\/wp-json\/wp\/v2\/types\/post"}],"author":[{"embeddable":true,"href":"https:\/\/lagumex.mx\/index\/wp-json\/wp\/v2\/users\/1"}],"replies":[{"embeddable":true,"href":"https:\/\/lagumex.mx\/index\/wp-json\/wp\/v2\/comments?post=4443"}],"version-history":[{"count":1,"href":"https:\/\/lagumex.mx\/index\/wp-json\/wp\/v2\/posts\/4443\/revisions"}],"predecessor-version":[{"id":4445,"href":"https:\/\/lagumex.mx\/index\/wp-json\/wp\/v2\/posts\/4443\/revisions\/4445"}],"wp:featuredmedia":[{"embeddable":true,"href":"https:\/\/lagumex.mx\/index\/wp-json\/wp\/v2\/media\/4444"}],"wp:attachment":[{"href":"https:\/\/lagumex.mx\/index\/wp-json\/wp\/v2\/media?parent=4443"}],"wp:term":[{"taxonomy":"category","embeddable":true,"href":"https:\/\/lagumex.mx\/index\/wp-json\/wp\/v2\/categories?post=4443"},{"taxonomy":"post_tag","embeddable":true,"href":"https:\/\/lagumex.mx\/index\/wp-json\/wp\/v2\/tags?post=4443"}],"curies":[{"name":"wp","href":"https:\/\/api.w.org\/{rel}","templated":true}]}}