{"id":4434,"date":"2025-12-26T04:10:00","date_gmt":"2025-12-26T04:10:00","guid":{"rendered":"https:\/\/lagumex.mx\/index\/?p=4434"},"modified":"2025-12-26T16:14:33","modified_gmt":"2025-12-26T16:14:33","slug":"realizan-revision-en-parque-morelos","status":"publish","type":"post","link":"https:\/\/lagumex.mx\/index\/gomez-palacio\/realizan-revision-en-parque-morelos\/","title":{"rendered":"Realizan revisi\u00f3n en Parque Morelos"},"content":{"rendered":"\n<p>26 de diciembre de 2025.- Jorge Luis Valadez Moreno, titular de Ecolog\u00eda, explic\u00f3 que esta iniciativa busca evaluar de manera t\u00e9cnica el estado de salud de las especies arb\u00f3reas, identificando riesgos y estableciendo las bases para un programa de manejo integral en este emblem\u00e1tico espacio p\u00fablico. Dichos trabajos se llevaron a cabo en colaboraci\u00f3n con las direcciones de Servicios P\u00fablicos, Protecci\u00f3n Civil y Bomberos del municipio. Valadez Moreno destac\u00f3 que esta acci\u00f3n se realiza acatando instrucciones de la alcaldesa Betzab\u00e9 Mart\u00ednez Arango, interesada en la seguridad de quienes pasean y se ejercitan en dicho espacio, de ah\u00ed la necesidad de prevenir incidentes y asegurar que el arbolado cumpla con su funci\u00f3n de mejorar la calidad del aire y regular la temperatura para el bienestar de las familias. Dijo que el cuidado del medio ambiente es un pilar fundamental de su Administraci\u00f3n y reflejan la visi\u00f3n de un gobierno humana y proactiva, donde la recuperaci\u00f3n de espacios p\u00fablicos dignos y seguros es prioridad para fortalecer el tejido social. \u00abCon estos programas, el Ayuntamiento reafirma su compromiso con la seguridad ciudadana y la protecci\u00f3n de la biodiversidad urbana para construir una ciudad m\u00e1s verde\u00bb, dijo.<\/p>\n","protected":false},"excerpt":{"rendered":"<p>26 de diciembre de 2025.- Jorge Luis Valadez Moreno, titular de Ecolog\u00eda, explic\u00f3 que esta iniciativa busca evaluar de manera t\u00e9cnica el estado de salud de las especies arb\u00f3reas, identificando riesgos y estableciendo las bases para un programa de manejo integral en este emblem\u00e1tico espacio p\u00fablico. Dichos trabajos se llevaron a cabo en colaboraci\u00f3n con&#8230;<\/p>\n","protected":false},"author":1,"featured_media":4435,"comment_status":"open","ping_status":"open","sticky":false,"template":"","format":"standard","meta":{"footnotes":""},"categories":[12],"tags":[],"class_list":["post-4434","post","type-post","status-publish","format-standard","has-post-thumbnail","hentry","category-gomez-palacio"],"_links":{"self":[{"href":"https:\/\/lagumex.mx\/index\/wp-json\/wp\/v2\/posts\/4434","targetHints":{"allow":["GET"]}}],"collection":[{"href":"https:\/\/lagumex.mx\/index\/wp-json\/wp\/v2\/posts"}],"about":[{"href":"https:\/\/lagumex.mx\/index\/wp-json\/wp\/v2\/types\/post"}],"author":[{"embeddable":true,"href":"https:\/\/lagumex.mx\/index\/wp-json\/wp\/v2\/users\/1"}],"replies":[{"embeddable":true,"href":"https:\/\/lagumex.mx\/index\/wp-json\/wp\/v2\/comments?post=4434"}],"version-history":[{"count":1,"href":"https:\/\/lagumex.mx\/index\/wp-json\/wp\/v2\/posts\/4434\/revisions"}],"predecessor-version":[{"id":4436,"href":"https:\/\/lagumex.mx\/index\/wp-json\/wp\/v2\/posts\/4434\/revisions\/4436"}],"wp:featuredmedia":[{"embeddable":true,"href":"https:\/\/lagumex.mx\/index\/wp-json\/wp\/v2\/media\/4435"}],"wp:attachment":[{"href":"https:\/\/lagumex.mx\/index\/wp-json\/wp\/v2\/media?parent=4434"}],"wp:term":[{"taxonomy":"category","embeddable":true,"href":"https:\/\/lagumex.mx\/index\/wp-json\/wp\/v2\/categories?post=4434"},{"taxonomy":"post_tag","embeddable":true,"href":"https:\/\/lagumex.mx\/index\/wp-json\/wp\/v2\/tags?post=4434"}],"curies":[{"name":"wp","href":"https:\/\/api.w.org\/{rel}","templated":true}]}}