{"id":4428,"date":"2025-12-09T05:22:00","date_gmt":"2025-12-09T05:22:00","guid":{"rendered":"https:\/\/lagumex.mx\/index\/?p=4428"},"modified":"2025-12-10T17:24:32","modified_gmt":"2025-12-10T17:24:32","slug":"susy-torrecillas-arranco-el-primer-paquete-de-pavimentacion-en-lerdo","status":"publish","type":"post","link":"https:\/\/lagumex.mx\/index\/lerdo\/susy-torrecillas-arranco-el-primer-paquete-de-pavimentacion-en-lerdo\/","title":{"rendered":"Susy Torrecillas arranc\u00f3 el primer paquete de pavimentaci\u00f3n en Lerdo"},"content":{"rendered":"\n<p>09 de diciembre de 2025.- <strong>La alcaldesa, Susy Carolina Torrecillas Salazar, dio el banderazo de inicio al primer paquete de pavimentaci\u00f3n, comenzando con los trabajos en avenida Ju\u00e1rez y el bulevar Miguel Alem\u00e1n.<\/strong> <\/p>\n\n\n\n<p>Alcaldesa destac\u00f3 que estas acciones forman parte de los compromisos de su administraci\u00f3n para mejorar las vialidades y renovar la imagen urbana de Lerdo.<\/p>\n\n\n\n<p>El director de Obras P\u00fablicas, Daniel Salazar, inform\u00f3 que la intervenci\u00f3n en la avenida Ju\u00e1rez abarcar\u00e1 el tramo comprendido entre el bulevar Miguel Alem\u00e1n y la calle Hidalgo, en la zona Centro de la ciudad. En total, se rehabilitar\u00e1n 7 mil 272.60 metros cuadrados, con una inversi\u00f3n de 2 millones 894 mil 109 pesos.<\/p>\n\n\n\n<p>Detall\u00f3 que los trabajos contemplan: Fresado de carpeta asf\u00e1ltica de 4 cent\u00edmetros. Riego de liga con asfalto FR-3. Suministro y colocaci\u00f3n de nueva carpeta asf\u00e1ltica de 4 cent\u00edmetros. Nivelaci\u00f3n de brocales y tapas existentes. Revestimiento final con carpeta asf\u00e1ltica de 4 cent\u00edmetros.<\/p>\n","protected":false},"excerpt":{"rendered":"<p>09 de diciembre de 2025.- La alcaldesa, Susy Carolina Torrecillas Salazar, dio el banderazo de inicio al primer paquete de pavimentaci\u00f3n, comenzando con los trabajos en avenida Ju\u00e1rez y el bulevar Miguel Alem\u00e1n. Alcaldesa destac\u00f3 que estas acciones forman parte de los compromisos de su administraci\u00f3n para mejorar las vialidades y renovar la imagen urbana&#8230;<\/p>\n","protected":false},"author":1,"featured_media":4429,"comment_status":"open","ping_status":"open","sticky":false,"template":"","format":"standard","meta":{"footnotes":""},"categories":[3],"tags":[],"class_list":["post-4428","post","type-post","status-publish","format-standard","has-post-thumbnail","hentry","category-lerdo"],"_links":{"self":[{"href":"https:\/\/lagumex.mx\/index\/wp-json\/wp\/v2\/posts\/4428","targetHints":{"allow":["GET"]}}],"collection":[{"href":"https:\/\/lagumex.mx\/index\/wp-json\/wp\/v2\/posts"}],"about":[{"href":"https:\/\/lagumex.mx\/index\/wp-json\/wp\/v2\/types\/post"}],"author":[{"embeddable":true,"href":"https:\/\/lagumex.mx\/index\/wp-json\/wp\/v2\/users\/1"}],"replies":[{"embeddable":true,"href":"https:\/\/lagumex.mx\/index\/wp-json\/wp\/v2\/comments?post=4428"}],"version-history":[{"count":1,"href":"https:\/\/lagumex.mx\/index\/wp-json\/wp\/v2\/posts\/4428\/revisions"}],"predecessor-version":[{"id":4430,"href":"https:\/\/lagumex.mx\/index\/wp-json\/wp\/v2\/posts\/4428\/revisions\/4430"}],"wp:featuredmedia":[{"embeddable":true,"href":"https:\/\/lagumex.mx\/index\/wp-json\/wp\/v2\/media\/4429"}],"wp:attachment":[{"href":"https:\/\/lagumex.mx\/index\/wp-json\/wp\/v2\/media?parent=4428"}],"wp:term":[{"taxonomy":"category","embeddable":true,"href":"https:\/\/lagumex.mx\/index\/wp-json\/wp\/v2\/categories?post=4428"},{"taxonomy":"post_tag","embeddable":true,"href":"https:\/\/lagumex.mx\/index\/wp-json\/wp\/v2\/tags?post=4428"}],"curies":[{"name":"wp","href":"https:\/\/api.w.org\/{rel}","templated":true}]}}