{"id":4426,"date":"2025-12-09T05:22:00","date_gmt":"2025-12-09T05:22:00","guid":{"rendered":"https:\/\/lagumex.mx\/index\/?p=4426"},"modified":"2025-12-10T17:22:48","modified_gmt":"2025-12-10T17:22:48","slug":"gomez-palacio-lanza-convocatoria-para-ciudadanos-distinguidos","status":"publish","type":"post","link":"https:\/\/lagumex.mx\/index\/gomez-palacio\/gomez-palacio-lanza-convocatoria-para-ciudadanos-distinguidos\/","title":{"rendered":"G\u00f3mez Palacio lanza convocatoria para Ciudadanos Distinguidos"},"content":{"rendered":"\n<p>09 de diciembre de 2025.- El Ayuntamiento de G\u00f3mez Palacio y la Asociaci\u00f3n Civil Unidos por G\u00f3mez Palacio anunciaron la apertura del registro para el Reconocimiento Ciudadano Distinguido y la entrega de la presea Ancla \u201cSantiago Lav\u00edn Cuadra\u201d 2025, con motivo del CXX Aniversario de la ciudad.<\/p>\n\n\n\n<p>La&nbsp;<strong>alcaldesa, Betzab\u00e9 Mart\u00ednez Arango<\/strong>&nbsp;inform\u00f3, durante el \u201cLunes con la Presidenta\u201d, que el municipio ya se encuentra listo para esta celebraci\u00f3n en la que tradicionalmente se reconoce a personas y agrupaciones que han contribuido de manera sobresaliente al desarrollo de G\u00f3mez Palacio.<\/p>\n\n\n\n<p>La convocatoria est\u00e1 dirigida a organizaciones sociales, organismos empresariales, clubes de servicio, instituciones educativas, culturales y deportivas, as\u00ed como a la ciudadan\u00eda en general, para registrar propuestas de personas o grupos que puedan ser considerados para la distinci\u00f3n.<\/p>\n","protected":false},"excerpt":{"rendered":"<p>09 de diciembre de 2025.- El Ayuntamiento de G\u00f3mez Palacio y la Asociaci\u00f3n Civil Unidos por G\u00f3mez Palacio anunciaron la apertura del registro para el Reconocimiento Ciudadano Distinguido y la entrega de la presea Ancla \u201cSantiago Lav\u00edn Cuadra\u201d 2025, con motivo del CXX Aniversario de la ciudad. La&nbsp;alcaldesa, Betzab\u00e9 Mart\u00ednez Arango&nbsp;inform\u00f3, durante el \u201cLunes con&#8230;<\/p>\n","protected":false},"author":1,"featured_media":0,"comment_status":"open","ping_status":"open","sticky":false,"template":"","format":"standard","meta":{"footnotes":""},"categories":[12],"tags":[],"class_list":["post-4426","post","type-post","status-publish","format-standard","hentry","category-gomez-palacio"],"_links":{"self":[{"href":"https:\/\/lagumex.mx\/index\/wp-json\/wp\/v2\/posts\/4426","targetHints":{"allow":["GET"]}}],"collection":[{"href":"https:\/\/lagumex.mx\/index\/wp-json\/wp\/v2\/posts"}],"about":[{"href":"https:\/\/lagumex.mx\/index\/wp-json\/wp\/v2\/types\/post"}],"author":[{"embeddable":true,"href":"https:\/\/lagumex.mx\/index\/wp-json\/wp\/v2\/users\/1"}],"replies":[{"embeddable":true,"href":"https:\/\/lagumex.mx\/index\/wp-json\/wp\/v2\/comments?post=4426"}],"version-history":[{"count":1,"href":"https:\/\/lagumex.mx\/index\/wp-json\/wp\/v2\/posts\/4426\/revisions"}],"predecessor-version":[{"id":4427,"href":"https:\/\/lagumex.mx\/index\/wp-json\/wp\/v2\/posts\/4426\/revisions\/4427"}],"wp:attachment":[{"href":"https:\/\/lagumex.mx\/index\/wp-json\/wp\/v2\/media?parent=4426"}],"wp:term":[{"taxonomy":"category","embeddable":true,"href":"https:\/\/lagumex.mx\/index\/wp-json\/wp\/v2\/categories?post=4426"},{"taxonomy":"post_tag","embeddable":true,"href":"https:\/\/lagumex.mx\/index\/wp-json\/wp\/v2\/tags?post=4426"}],"curies":[{"name":"wp","href":"https:\/\/api.w.org\/{rel}","templated":true}]}}