{"id":4410,"date":"2025-12-06T00:29:25","date_gmt":"2025-12-06T00:29:25","guid":{"rendered":"https:\/\/lagumex.mx\/index\/?p=4410"},"modified":"2025-12-07T00:31:20","modified_gmt":"2025-12-07T00:31:20","slug":"lerdo-sin-cambios-en-venta-de-alcohol","status":"publish","type":"post","link":"https:\/\/lagumex.mx\/index\/lerdo\/lerdo-sin-cambios-en-venta-de-alcohol\/","title":{"rendered":"Lerdo, sin cambios en venta de alcohol"},"content":{"rendered":"\n<p>06 de diciembre de 2025.- <strong>En el caso del Municipio de Lerdo, la homologaci\u00f3n de horarios con Torre\u00f3n no le afecta porque ya trabajan con horarios similares, as\u00ed lo dijo la alcaldesa Susy Torrecillas.<\/strong> \u00abNos pidieron homologar horarios, pero nosotros ya estamos bien aqu\u00ed en Lerdo. Nosotros estamos tal cual el Mando Especial nos lo pidi\u00f3, la venta hasta las 2 de la ma\u00f1ana y hasta las 10 de la noche en tiendas de autoservicio. Nosotros estamos as\u00ed ya, otros municipios quiz\u00e1 har\u00e1n ajustes y esto mismo lo comentamos el d\u00eda de la reuni\u00f3n que estuvo tanto el gobernador, Manolo Jim\u00e9nez como el gobernador, Esteban Villegas, entonces pues ellos saben que aqu\u00ed vamos tal como lo establece el Mando Especial\u00bb, mencion\u00f3 la edil.\u00a0<mark>Consider\u00f3 que una parte importante del Desarrollo Econ\u00f3mico y Tur\u00edstico de Lerdo es brindarle seguridad a la gente para que vaya a Lerdo<\/mark>\u00a0\u00aby entonces yo tengo que dar una garant\u00eda y en las mesas de seguridad, como una acci\u00f3n afirmativa en materia de paz de tranquilidad, se revisan las licencias de funcionamiento, las licencias de alcoholes, que puedan estar al d\u00eda y la idea es que, quien venga a Lerdo a un negocio, sepa que tiene el aval de la Presidencia Municipal y tiene sus papeles en orden y eso a ti te da como consumidor, seguridad\u00bb, se\u00f1al\u00f3.\u00a0Tambi\u00e9n hizo un llamado a todos los establecimientos que expenden bebidas alcoh\u00f3licas a que se acerquen y pongan sus papeles en orden y cumplan todos los requisitos para poder renovar sus permisos y licencias.<\/p>\n\n\n\n<pre id=\"notaB2\" class=\"wp-block-preformatted\"><\/pre>\n","protected":false},"excerpt":{"rendered":"<p>06 de diciembre de 2025.- En el caso del Municipio de Lerdo, la homologaci\u00f3n de horarios con Torre\u00f3n no le afecta porque ya trabajan con horarios similares, as\u00ed lo dijo la alcaldesa Susy Torrecillas. \u00abNos pidieron homologar horarios, pero nosotros ya estamos bien aqu\u00ed en Lerdo. Nosotros estamos tal cual el Mando Especial nos lo&#8230;<\/p>\n","protected":false},"author":1,"featured_media":4411,"comment_status":"open","ping_status":"open","sticky":false,"template":"","format":"standard","meta":{"footnotes":""},"categories":[3],"tags":[],"class_list":["post-4410","post","type-post","status-publish","format-standard","has-post-thumbnail","hentry","category-lerdo"],"_links":{"self":[{"href":"https:\/\/lagumex.mx\/index\/wp-json\/wp\/v2\/posts\/4410","targetHints":{"allow":["GET"]}}],"collection":[{"href":"https:\/\/lagumex.mx\/index\/wp-json\/wp\/v2\/posts"}],"about":[{"href":"https:\/\/lagumex.mx\/index\/wp-json\/wp\/v2\/types\/post"}],"author":[{"embeddable":true,"href":"https:\/\/lagumex.mx\/index\/wp-json\/wp\/v2\/users\/1"}],"replies":[{"embeddable":true,"href":"https:\/\/lagumex.mx\/index\/wp-json\/wp\/v2\/comments?post=4410"}],"version-history":[{"count":1,"href":"https:\/\/lagumex.mx\/index\/wp-json\/wp\/v2\/posts\/4410\/revisions"}],"predecessor-version":[{"id":4412,"href":"https:\/\/lagumex.mx\/index\/wp-json\/wp\/v2\/posts\/4410\/revisions\/4412"}],"wp:featuredmedia":[{"embeddable":true,"href":"https:\/\/lagumex.mx\/index\/wp-json\/wp\/v2\/media\/4411"}],"wp:attachment":[{"href":"https:\/\/lagumex.mx\/index\/wp-json\/wp\/v2\/media?parent=4410"}],"wp:term":[{"taxonomy":"category","embeddable":true,"href":"https:\/\/lagumex.mx\/index\/wp-json\/wp\/v2\/categories?post=4410"},{"taxonomy":"post_tag","embeddable":true,"href":"https:\/\/lagumex.mx\/index\/wp-json\/wp\/v2\/tags?post=4410"}],"curies":[{"name":"wp","href":"https:\/\/api.w.org\/{rel}","templated":true}]}}