{"id":4404,"date":"2025-12-05T00:24:53","date_gmt":"2025-12-05T00:24:53","guid":{"rendered":"https:\/\/lagumex.mx\/index\/?p=4404"},"modified":"2025-12-07T00:26:42","modified_gmt":"2025-12-07T00:26:42","slug":"analizan-regularizacion-de-vehiculos-de-movilidad-personal-vmp-en-el-municipio-de-gomez-palacio","status":"publish","type":"post","link":"https:\/\/lagumex.mx\/index\/gomez-palacio\/analizan-regularizacion-de-vehiculos-de-movilidad-personal-vmp-en-el-municipio-de-gomez-palacio\/","title":{"rendered":"Analizan regularizaci\u00f3n de veh\u00edculos de movilidad personal (VMP) en el Municipio de G\u00f3mez Palacio"},"content":{"rendered":"\n<p>05 de diciembre de 2025.- <strong>El cuarto regidor, Yahir Vitela Garc\u00eda, y presidente de la Comisi\u00f3n de Tr\u00e1nsito y Vialidad, present\u00f3 ante dicha comisi\u00f3n una iniciativa para la actualizaci\u00f3n del marco normativo municipal.<\/strong> La propuesta consiste en la adici\u00f3n o incorporaci\u00f3n de un anexo al Reglamento de Tr\u00e1nsito y Vialidad del Municipio, espec\u00edficamente en lo relativo a los Veh\u00edculos de Movilidad Personal (VMP). Este rubro incluye diversos medios de transporte motorizados ligeros, tales como: bicimotos, scooters, patinetes electr\u00f3nicos, bicicletas el\u00e9ctricas y otros veh\u00edculos de recreaci\u00f3n para adultos y menores que, por su naturaleza, no se clasifican dentro de los segmentos de autom\u00f3vil o motocicleta. La iniciativa ha sido formalmente remitida a la Secretar\u00eda del Ayuntamiento para su turno y an\u00e1lisis en la Comisi\u00f3n Conjunta de Gobernaci\u00f3n y Tr\u00e1nsito y Vialidad. El proceso contempla su an\u00e1lisis, discusi\u00f3n, eventual modificaci\u00f3n, aprobaci\u00f3n y, en su caso, la emisi\u00f3n del dictamen correspondiente para su publicaci\u00f3n y observancia general por parte de la ciudadan\u00eda.  Sociabilizaci\u00f3n entre la ciudadan\u00eda en la cual se dar\u00eda a conocer el reglamento e invitaci\u00f3n a adherirse a un padr\u00f3n para control y registro de personas que cuentan con este tipo de aparatos y\/o medios de transporte, comprendiendo un periodo de seis meses contados a partir de su aprobaci\u00f3n y publicaci\u00f3n. Al t\u00e9rmino del primer plazo (6 meses) y una vez que haya difundido entre la ciudadan\u00eda y creando conciencia entre los usuarios se proceder\u00eda a la vigilancia conforme reglamento, se\u00f1alar m\u00e1s no sancionar.<\/p>\n","protected":false},"excerpt":{"rendered":"<p>05 de diciembre de 2025.- El cuarto regidor, Yahir Vitela Garc\u00eda, y presidente de la Comisi\u00f3n de Tr\u00e1nsito y Vialidad, present\u00f3 ante dicha comisi\u00f3n una iniciativa para la actualizaci\u00f3n del marco normativo municipal. La propuesta consiste en la adici\u00f3n o incorporaci\u00f3n de un anexo al Reglamento de Tr\u00e1nsito y Vialidad del Municipio, espec\u00edficamente en lo&#8230;<\/p>\n","protected":false},"author":1,"featured_media":4405,"comment_status":"open","ping_status":"open","sticky":false,"template":"","format":"standard","meta":{"footnotes":""},"categories":[12],"tags":[],"class_list":["post-4404","post","type-post","status-publish","format-standard","has-post-thumbnail","hentry","category-gomez-palacio"],"_links":{"self":[{"href":"https:\/\/lagumex.mx\/index\/wp-json\/wp\/v2\/posts\/4404","targetHints":{"allow":["GET"]}}],"collection":[{"href":"https:\/\/lagumex.mx\/index\/wp-json\/wp\/v2\/posts"}],"about":[{"href":"https:\/\/lagumex.mx\/index\/wp-json\/wp\/v2\/types\/post"}],"author":[{"embeddable":true,"href":"https:\/\/lagumex.mx\/index\/wp-json\/wp\/v2\/users\/1"}],"replies":[{"embeddable":true,"href":"https:\/\/lagumex.mx\/index\/wp-json\/wp\/v2\/comments?post=4404"}],"version-history":[{"count":1,"href":"https:\/\/lagumex.mx\/index\/wp-json\/wp\/v2\/posts\/4404\/revisions"}],"predecessor-version":[{"id":4406,"href":"https:\/\/lagumex.mx\/index\/wp-json\/wp\/v2\/posts\/4404\/revisions\/4406"}],"wp:featuredmedia":[{"embeddable":true,"href":"https:\/\/lagumex.mx\/index\/wp-json\/wp\/v2\/media\/4405"}],"wp:attachment":[{"href":"https:\/\/lagumex.mx\/index\/wp-json\/wp\/v2\/media?parent=4404"}],"wp:term":[{"taxonomy":"category","embeddable":true,"href":"https:\/\/lagumex.mx\/index\/wp-json\/wp\/v2\/categories?post=4404"},{"taxonomy":"post_tag","embeddable":true,"href":"https:\/\/lagumex.mx\/index\/wp-json\/wp\/v2\/tags?post=4404"}],"curies":[{"name":"wp","href":"https:\/\/api.w.org\/{rel}","templated":true}]}}