{"id":4372,"date":"2025-11-28T11:46:00","date_gmt":"2025-11-28T11:46:00","guid":{"rendered":"https:\/\/lagumex.mx\/index\/?p=4372"},"modified":"2025-11-29T23:47:49","modified_gmt":"2025-11-29T23:47:49","slug":"entrega-susy-torrecillas-iluminacion-en-calzada-guadalupe-victoria","status":"publish","type":"post","link":"https:\/\/lagumex.mx\/index\/lerdo\/entrega-susy-torrecillas-iluminacion-en-calzada-guadalupe-victoria\/","title":{"rendered":"Entrega Susy Torrecillas iluminaci\u00f3n en calzada Guadalupe Victoria"},"content":{"rendered":"\n<p>28 de noviembre de 2025.- <strong>La alcaldesa, Susy Torrecillas, entreg\u00f3 la nueva iluminaci\u00f3n de la Calzada Guadalupe Victoria, acciones dentro del programa \u201cTrayectos Seguros\u201d vigente en el municipio.<\/strong> Acompa\u00f1ada de vecinos del sector y funcionarios del Ayuntamiento, la alcaldesa encabez\u00f3 el encendido oficial y recorrido por la vialidad, la cual ahora se encuentra completamente iluminada, mejorando la seguridad en una de las arterias principales que conectan con el perif\u00e9rico de la ciudad.Durante el evento, la alcaldesa, Susy Carolina Torrecillas Salazar, destac\u00f3 que el prop\u00f3sito de su administraci\u00f3n es lograr que toda la ciudad cuente con iluminaci\u00f3n eficiente, brindando mayor tranquilidad a las familias que diariamente se desplazan hacia sus centros de trabajo, as\u00ed como a los estudiantes que acuden a sus escuelas.\u201cHoy estamos cumpliendo a la ciudadan\u00eda con la entrega de otro bulevar iluminado de principio a fin, para que ustedes y sus familias se sientan m\u00e1s seguros\u201d, expres\u00f3.<\/p>\n","protected":false},"excerpt":{"rendered":"<p>28 de noviembre de 2025.- La alcaldesa, Susy Torrecillas, entreg\u00f3 la nueva iluminaci\u00f3n de la Calzada Guadalupe Victoria, acciones dentro del programa \u201cTrayectos Seguros\u201d vigente en el municipio. Acompa\u00f1ada de vecinos del sector y funcionarios del Ayuntamiento, la alcaldesa encabez\u00f3 el encendido oficial y recorrido por la vialidad, la cual ahora se encuentra completamente iluminada,&#8230;<\/p>\n","protected":false},"author":1,"featured_media":4373,"comment_status":"open","ping_status":"open","sticky":false,"template":"","format":"standard","meta":{"footnotes":""},"categories":[3],"tags":[],"class_list":["post-4372","post","type-post","status-publish","format-standard","has-post-thumbnail","hentry","category-lerdo"],"_links":{"self":[{"href":"https:\/\/lagumex.mx\/index\/wp-json\/wp\/v2\/posts\/4372","targetHints":{"allow":["GET"]}}],"collection":[{"href":"https:\/\/lagumex.mx\/index\/wp-json\/wp\/v2\/posts"}],"about":[{"href":"https:\/\/lagumex.mx\/index\/wp-json\/wp\/v2\/types\/post"}],"author":[{"embeddable":true,"href":"https:\/\/lagumex.mx\/index\/wp-json\/wp\/v2\/users\/1"}],"replies":[{"embeddable":true,"href":"https:\/\/lagumex.mx\/index\/wp-json\/wp\/v2\/comments?post=4372"}],"version-history":[{"count":1,"href":"https:\/\/lagumex.mx\/index\/wp-json\/wp\/v2\/posts\/4372\/revisions"}],"predecessor-version":[{"id":4374,"href":"https:\/\/lagumex.mx\/index\/wp-json\/wp\/v2\/posts\/4372\/revisions\/4374"}],"wp:featuredmedia":[{"embeddable":true,"href":"https:\/\/lagumex.mx\/index\/wp-json\/wp\/v2\/media\/4373"}],"wp:attachment":[{"href":"https:\/\/lagumex.mx\/index\/wp-json\/wp\/v2\/media?parent=4372"}],"wp:term":[{"taxonomy":"category","embeddable":true,"href":"https:\/\/lagumex.mx\/index\/wp-json\/wp\/v2\/categories?post=4372"},{"taxonomy":"post_tag","embeddable":true,"href":"https:\/\/lagumex.mx\/index\/wp-json\/wp\/v2\/tags?post=4372"}],"curies":[{"name":"wp","href":"https:\/\/api.w.org\/{rel}","templated":true}]}}