{"id":4369,"date":"2025-11-26T23:41:47","date_gmt":"2025-11-26T23:41:47","guid":{"rendered":"https:\/\/lagumex.mx\/index\/?p=4369"},"modified":"2025-11-29T23:45:58","modified_gmt":"2025-11-29T23:45:58","slug":"betzabe-martinez-inicia-la-construccion-de-la-alameda-pastor-rouaix","status":"publish","type":"post","link":"https:\/\/lagumex.mx\/index\/gomez-palacio\/betzabe-martinez-inicia-la-construccion-de-la-alameda-pastor-rouaix\/","title":{"rendered":"Betzab\u00e9 Mart\u00ednez inicia la construcci\u00f3n de la Alameda Pastor Rouaix"},"content":{"rendered":"\n<p>26 de noviembre de 2025.-La edil destac\u00f3 que el proyecto busca reducir la desigualdad hist\u00f3rica en la zona rural y representar un s\u00edmbolo de transformaci\u00f3n real. <strong>La alcaldesa, Betzab\u00e9 Mart\u00ednez Arango, inici\u00f3 los trabajos de construcci\u00f3n de la Alameda Pastor Rouaix.<\/strong> Lo anterior con una inversi\u00f3n superior a los 3.5 millones de pesos, el proyecto contempla la intervenci\u00f3n de m\u00e1s de 4 mil 200 metros cuadrados, as\u00ed como un paseo lineal de 930 metros, dividido en dos secciones con \u00e1reas de esparcimiento, servicios y equipamiento urbano. \u201cHoy no venimos solo a presentar una obra. Vengo a decirles que Pastor Rouaix importa, que Pastor Rouaix cuenta, y que Pastor Rouaix tambi\u00e9n es el coraz\u00f3n de la Cuarta Transformaci\u00f3n\u201d, afirm\u00f3. Ante habitantes de la comunidad, la alcaldesa se\u00f1al\u00f3 que su administraci\u00f3n est\u00e1 decidida a revertir la desigualdad hist\u00f3rica generada por a\u00f1os de abandono en la zona rural.<\/p>\n","protected":false},"excerpt":{"rendered":"<p>26 de noviembre de 2025.-La edil destac\u00f3 que el proyecto busca reducir la desigualdad hist\u00f3rica en la zona rural y representar un s\u00edmbolo de transformaci\u00f3n real. La alcaldesa, Betzab\u00e9 Mart\u00ednez Arango, inici\u00f3 los trabajos de construcci\u00f3n de la Alameda Pastor Rouaix. Lo anterior con una inversi\u00f3n superior a los 3.5 millones de pesos, el proyecto&#8230;<\/p>\n","protected":false},"author":1,"featured_media":4370,"comment_status":"open","ping_status":"open","sticky":false,"template":"","format":"standard","meta":{"footnotes":""},"categories":[12],"tags":[],"class_list":["post-4369","post","type-post","status-publish","format-standard","has-post-thumbnail","hentry","category-gomez-palacio"],"_links":{"self":[{"href":"https:\/\/lagumex.mx\/index\/wp-json\/wp\/v2\/posts\/4369","targetHints":{"allow":["GET"]}}],"collection":[{"href":"https:\/\/lagumex.mx\/index\/wp-json\/wp\/v2\/posts"}],"about":[{"href":"https:\/\/lagumex.mx\/index\/wp-json\/wp\/v2\/types\/post"}],"author":[{"embeddable":true,"href":"https:\/\/lagumex.mx\/index\/wp-json\/wp\/v2\/users\/1"}],"replies":[{"embeddable":true,"href":"https:\/\/lagumex.mx\/index\/wp-json\/wp\/v2\/comments?post=4369"}],"version-history":[{"count":1,"href":"https:\/\/lagumex.mx\/index\/wp-json\/wp\/v2\/posts\/4369\/revisions"}],"predecessor-version":[{"id":4371,"href":"https:\/\/lagumex.mx\/index\/wp-json\/wp\/v2\/posts\/4369\/revisions\/4371"}],"wp:featuredmedia":[{"embeddable":true,"href":"https:\/\/lagumex.mx\/index\/wp-json\/wp\/v2\/media\/4370"}],"wp:attachment":[{"href":"https:\/\/lagumex.mx\/index\/wp-json\/wp\/v2\/media?parent=4369"}],"wp:term":[{"taxonomy":"category","embeddable":true,"href":"https:\/\/lagumex.mx\/index\/wp-json\/wp\/v2\/categories?post=4369"},{"taxonomy":"post_tag","embeddable":true,"href":"https:\/\/lagumex.mx\/index\/wp-json\/wp\/v2\/tags?post=4369"}],"curies":[{"name":"wp","href":"https:\/\/api.w.org\/{rel}","templated":true}]}}