{"id":4356,"date":"2025-10-30T16:24:00","date_gmt":"2025-10-30T16:24:00","guid":{"rendered":"https:\/\/lagumex.mx\/index\/?p=4356"},"modified":"2025-11-20T16:26:11","modified_gmt":"2025-11-20T16:26:11","slug":"tiene-betzabe-martinez-encuentro-con-la-presidenta-claudia-sheinbaum","status":"publish","type":"post","link":"https:\/\/lagumex.mx\/index\/gomez-palacio\/tiene-betzabe-martinez-encuentro-con-la-presidenta-claudia-sheinbaum\/","title":{"rendered":"Tiene Betzab\u00e9 Mart\u00ednez, encuentro con la presidenta Claudia Sheinbaum"},"content":{"rendered":"\n<p>30 de octubre de 2025.- A trav\u00e9s de sus redes sociales, la alcaldesa de G\u00f3mez Palacio, Betzab\u00e9 Mart\u00ednez Arango dio a conocer su encuentro con la Presidenta de la Rep\u00fablica, Claudia Sheinbaum Pardo este jueves 30 de octubre en la ciudad de M\u00e9xico.\u00a0\u201cAgradezco profundamente a la presidenta Dra. Claudia Sheinbaum Pardo por la invitaci\u00f3n a participar en la reuni\u00f3n del Gabinete de Seguridad Nacional, junto a la secretaria de Gobernaci\u00f3n Rosa Icela Rodr\u00edguez y el secretario de Seguridad y Protecci\u00f3n Ciudadana Omar Garc\u00eda Harfuch\u201d, se lee en la publicaci\u00f3n que realiz\u00f3 la edil en sus redes sociales oficiales.Durante el encuentro, inform\u00f3 Mart\u00ednez Arango, se reafirm\u00f3 el compromiso de alinear acciones en beneficio de G\u00f3mez Palacio.\u00a0 \u201cReafirmamos nuestro compromiso de alinear las acciones de G\u00f3mez Palacio a la Estrategia Nacional de Seguridad, con el acompa\u00f1amiento y todo el respaldo de la presidenta y su equipo. No me queda duda de que, con esta coordinaci\u00f3n, G\u00f3mez Palacio seguir\u00e1 avanzando hacia la paz y el bienestar\u201d.<\/p>\n","protected":false},"excerpt":{"rendered":"<p>30 de octubre de 2025.- A trav\u00e9s de sus redes sociales, la alcaldesa de G\u00f3mez Palacio, Betzab\u00e9 Mart\u00ednez Arango dio a conocer su encuentro con la Presidenta de la Rep\u00fablica, Claudia Sheinbaum Pardo este jueves 30 de octubre en la ciudad de M\u00e9xico.\u00a0\u201cAgradezco profundamente a la presidenta Dra. Claudia Sheinbaum Pardo por la invitaci\u00f3n a&#8230;<\/p>\n","protected":false},"author":1,"featured_media":4357,"comment_status":"open","ping_status":"open","sticky":false,"template":"","format":"standard","meta":{"footnotes":""},"categories":[12],"tags":[],"class_list":["post-4356","post","type-post","status-publish","format-standard","has-post-thumbnail","hentry","category-gomez-palacio"],"_links":{"self":[{"href":"https:\/\/lagumex.mx\/index\/wp-json\/wp\/v2\/posts\/4356","targetHints":{"allow":["GET"]}}],"collection":[{"href":"https:\/\/lagumex.mx\/index\/wp-json\/wp\/v2\/posts"}],"about":[{"href":"https:\/\/lagumex.mx\/index\/wp-json\/wp\/v2\/types\/post"}],"author":[{"embeddable":true,"href":"https:\/\/lagumex.mx\/index\/wp-json\/wp\/v2\/users\/1"}],"replies":[{"embeddable":true,"href":"https:\/\/lagumex.mx\/index\/wp-json\/wp\/v2\/comments?post=4356"}],"version-history":[{"count":1,"href":"https:\/\/lagumex.mx\/index\/wp-json\/wp\/v2\/posts\/4356\/revisions"}],"predecessor-version":[{"id":4358,"href":"https:\/\/lagumex.mx\/index\/wp-json\/wp\/v2\/posts\/4356\/revisions\/4358"}],"wp:featuredmedia":[{"embeddable":true,"href":"https:\/\/lagumex.mx\/index\/wp-json\/wp\/v2\/media\/4357"}],"wp:attachment":[{"href":"https:\/\/lagumex.mx\/index\/wp-json\/wp\/v2\/media?parent=4356"}],"wp:term":[{"taxonomy":"category","embeddable":true,"href":"https:\/\/lagumex.mx\/index\/wp-json\/wp\/v2\/categories?post=4356"},{"taxonomy":"post_tag","embeddable":true,"href":"https:\/\/lagumex.mx\/index\/wp-json\/wp\/v2\/tags?post=4356"}],"curies":[{"name":"wp","href":"https:\/\/api.w.org\/{rel}","templated":true}]}}