{"id":4345,"date":"2025-11-15T04:07:00","date_gmt":"2025-11-15T04:07:00","guid":{"rendered":"https:\/\/lagumex.mx\/index\/?p=4345"},"modified":"2025-11-20T16:18:05","modified_gmt":"2025-11-20T16:18:05","slug":"gomez-palacio-y-fundacion-lala-se-alian-para-donar-aparatos-de-movilidad","status":"publish","type":"post","link":"https:\/\/lagumex.mx\/index\/gomez-palacio\/gomez-palacio-y-fundacion-lala-se-alian-para-donar-aparatos-de-movilidad\/","title":{"rendered":"G\u00f3mez Palacio y Fundaci\u00f3n Lala se al\u00edan para donar aparatos de movilidad"},"content":{"rendered":"\n<p>15 de noviembre de 2025.- <strong>El Ayuntamiento de G\u00f3mez Palacio y Fundaci\u00f3n Lala formalizaron un convenio de colaboraci\u00f3n para la entrega de aparatos de movilidad a familias en situaci\u00f3n vulnerable.<\/strong>  La firma se realiz\u00f3 en un evento encabezado por la\u00a0<strong>presidenta municipal, Betzab\u00e9 Mart\u00ednez Arango<\/strong>, y directivos de la empresa lagunera, en las instalaciones de Lala, donde la alcaldesa fue recibida por el\u00a0<strong>director de Fundaci\u00f3n Lala, Edgar Salinas Uribe.<\/strong>Tambi\u00e9n estuvieron presentes funcionarios municipales, regidores, integrantes del DIF G\u00f3mez Palacio y personas beneficiarias del apoyo, entre ellas el se\u00f1or Agust\u00edn Silva Silva, quien acudi\u00f3 en representaci\u00f3n de las familias receptoras.En su discurso,\u00a0<strong>Edgar Salinas Uribe\u00a0<\/strong>destac\u00f3 que esta colaboraci\u00f3n refleja la visi\u00f3n compartida entre la empresa y el municipio: el bienestar de la comunidad. Tras la intervenci\u00f3n del directivo, se realiz\u00f3 la firma formal del convenio, un acto simb\u00f3lico que marc\u00f3 el inicio de la entrega de aparatos de movilidad que beneficiar\u00e1n a m\u00faltiples\u00a0<strong>familias de G\u00f3mez Palacio<\/strong><\/p>\n","protected":false},"excerpt":{"rendered":"<p>15 de noviembre de 2025.- El Ayuntamiento de G\u00f3mez Palacio y Fundaci\u00f3n Lala formalizaron un convenio de colaboraci\u00f3n para la entrega de aparatos de movilidad a familias en situaci\u00f3n vulnerable. La firma se realiz\u00f3 en un evento encabezado por la\u00a0presidenta municipal, Betzab\u00e9 Mart\u00ednez Arango, y directivos de la empresa lagunera, en las instalaciones de Lala,&#8230;<\/p>\n","protected":false},"author":1,"featured_media":4346,"comment_status":"open","ping_status":"open","sticky":false,"template":"","format":"standard","meta":{"footnotes":""},"categories":[12],"tags":[],"class_list":["post-4345","post","type-post","status-publish","format-standard","has-post-thumbnail","hentry","category-gomez-palacio"],"_links":{"self":[{"href":"https:\/\/lagumex.mx\/index\/wp-json\/wp\/v2\/posts\/4345","targetHints":{"allow":["GET"]}}],"collection":[{"href":"https:\/\/lagumex.mx\/index\/wp-json\/wp\/v2\/posts"}],"about":[{"href":"https:\/\/lagumex.mx\/index\/wp-json\/wp\/v2\/types\/post"}],"author":[{"embeddable":true,"href":"https:\/\/lagumex.mx\/index\/wp-json\/wp\/v2\/users\/1"}],"replies":[{"embeddable":true,"href":"https:\/\/lagumex.mx\/index\/wp-json\/wp\/v2\/comments?post=4345"}],"version-history":[{"count":2,"href":"https:\/\/lagumex.mx\/index\/wp-json\/wp\/v2\/posts\/4345\/revisions"}],"predecessor-version":[{"id":4354,"href":"https:\/\/lagumex.mx\/index\/wp-json\/wp\/v2\/posts\/4345\/revisions\/4354"}],"wp:featuredmedia":[{"embeddable":true,"href":"https:\/\/lagumex.mx\/index\/wp-json\/wp\/v2\/media\/4346"}],"wp:attachment":[{"href":"https:\/\/lagumex.mx\/index\/wp-json\/wp\/v2\/media?parent=4345"}],"wp:term":[{"taxonomy":"category","embeddable":true,"href":"https:\/\/lagumex.mx\/index\/wp-json\/wp\/v2\/categories?post=4345"},{"taxonomy":"post_tag","embeddable":true,"href":"https:\/\/lagumex.mx\/index\/wp-json\/wp\/v2\/tags?post=4345"}],"curies":[{"name":"wp","href":"https:\/\/api.w.org\/{rel}","templated":true}]}}