{"id":4320,"date":"2025-11-10T03:12:00","date_gmt":"2025-11-10T03:12:00","guid":{"rendered":"https:\/\/lagumex.mx\/index\/?p=4320"},"modified":"2025-11-11T15:12:47","modified_gmt":"2025-11-11T15:12:47","slug":"impulsa-susy-torrecillas-gobierno-cercano-a-la-gente","status":"publish","type":"post","link":"https:\/\/lagumex.mx\/index\/lerdo\/impulsa-susy-torrecillas-gobierno-cercano-a-la-gente\/","title":{"rendered":"Impulsa Susy Torrecillas gobierno cercano a la gente"},"content":{"rendered":"\n<p>11 de noviembre de 2025.- <strong>Con poco m\u00e1s de dos meses de iniciada su gesti\u00f3n, la alcaldesa de Lerdo, Susy Carolina Torrecillas Salazar, mantiene acciones enfocadas a la seguridad, la reactivaci\u00f3n econ\u00f3mica, pero principalmente a la cercan\u00eda con la sociedad lerdense.<\/strong> La primera autoridad de la ciudad jard\u00edn, record\u00f3 que desde iniciada su gesti\u00f3n, se han desarrollado proyectos y programas encaminados al fortalecimiento de la confianza ciudadana y la mejora de la calidad de vida en Lerdo. <mark>Susy destac\u00f3 uno de los logros que contempla uno de los ejes m\u00e1s importantes de su gesti\u00f3n como lo es la Mesa de Construcci\u00f3n de la Paz y Seguridad.<\/mark> En las reuniones se coordinan operativos entre corporaciones estatales, federales y municipales con la finalidad de reforzar los trayectos seguros hacia escuelas, as\u00ed como la vigilancia en comunidades rurales y zonas urbanas. La primera autoridad de la ciudad jard\u00edn, record\u00f3 que desde iniciada su gesti\u00f3n, se han desarrollado proyectos y programas encaminados al fortalecimiento de la confianza ciudadana y la mejora de la calidad de vida en Lerdo.<mark>Susy destac\u00f3 uno de los logros que contempla uno de los ejes m\u00e1s importantes de su gesti\u00f3n como lo es la Mesa de Construcci\u00f3n de la Paz y Seguridad.<\/mark> En las reuniones se coordinan operativos entre corporaciones estatales, federales y municipales con la finalidad de reforzar los trayectos seguros hacia escuelas, as\u00ed como la vigilancia en comunidades rurales y zonas urbanas.<\/p>\n","protected":false},"excerpt":{"rendered":"<p>11 de noviembre de 2025.- Con poco m\u00e1s de dos meses de iniciada su gesti\u00f3n, la alcaldesa de Lerdo, Susy Carolina Torrecillas Salazar, mantiene acciones enfocadas a la seguridad, la reactivaci\u00f3n econ\u00f3mica, pero principalmente a la cercan\u00eda con la sociedad lerdense. La primera autoridad de la ciudad jard\u00edn, record\u00f3 que desde iniciada su gesti\u00f3n, se&#8230;<\/p>\n","protected":false},"author":1,"featured_media":4321,"comment_status":"open","ping_status":"open","sticky":false,"template":"","format":"standard","meta":{"footnotes":""},"categories":[3],"tags":[],"class_list":["post-4320","post","type-post","status-publish","format-standard","has-post-thumbnail","hentry","category-lerdo"],"_links":{"self":[{"href":"https:\/\/lagumex.mx\/index\/wp-json\/wp\/v2\/posts\/4320","targetHints":{"allow":["GET"]}}],"collection":[{"href":"https:\/\/lagumex.mx\/index\/wp-json\/wp\/v2\/posts"}],"about":[{"href":"https:\/\/lagumex.mx\/index\/wp-json\/wp\/v2\/types\/post"}],"author":[{"embeddable":true,"href":"https:\/\/lagumex.mx\/index\/wp-json\/wp\/v2\/users\/1"}],"replies":[{"embeddable":true,"href":"https:\/\/lagumex.mx\/index\/wp-json\/wp\/v2\/comments?post=4320"}],"version-history":[{"count":1,"href":"https:\/\/lagumex.mx\/index\/wp-json\/wp\/v2\/posts\/4320\/revisions"}],"predecessor-version":[{"id":4322,"href":"https:\/\/lagumex.mx\/index\/wp-json\/wp\/v2\/posts\/4320\/revisions\/4322"}],"wp:featuredmedia":[{"embeddable":true,"href":"https:\/\/lagumex.mx\/index\/wp-json\/wp\/v2\/media\/4321"}],"wp:attachment":[{"href":"https:\/\/lagumex.mx\/index\/wp-json\/wp\/v2\/media?parent=4320"}],"wp:term":[{"taxonomy":"category","embeddable":true,"href":"https:\/\/lagumex.mx\/index\/wp-json\/wp\/v2\/categories?post=4320"},{"taxonomy":"post_tag","embeddable":true,"href":"https:\/\/lagumex.mx\/index\/wp-json\/wp\/v2\/tags?post=4320"}],"curies":[{"name":"wp","href":"https:\/\/api.w.org\/{rel}","templated":true}]}}