{"id":4315,"date":"2025-11-10T02:57:00","date_gmt":"2025-11-10T02:57:00","guid":{"rendered":"https:\/\/lagumex.mx\/index\/?p=4315"},"modified":"2025-11-11T15:00:06","modified_gmt":"2025-11-11T15:00:06","slug":"anuncian-remodelacion-del-parque-las-auras-de-lerdo-para-el-2026","status":"publish","type":"post","link":"https:\/\/lagumex.mx\/index\/lerdo\/anuncian-remodelacion-del-parque-las-auras-de-lerdo-para-el-2026\/","title":{"rendered":"Anuncian remodelaci\u00f3n del Parque las Auras de Lerdo para el 2026"},"content":{"rendered":"\n<p>10 de noviembre de 2025.- <strong>El municipio de Lerdo en coordinaci\u00f3n con el Gobierno del Estado, habr\u00e1n de llevar a cabo la remodelaci\u00f3n del Parque Las Auras, con una inversi\u00f3n en una primera etapa de 15 millones de pesos, anunci\u00f3 la alcaldesa Susy Torrecillas Salazar.<\/strong> Adem\u00e1s, se proyecta que una l\u00ednea de conducci\u00f3n de agua desde la Plata Tratadora pueda llegar hasta el parque y as\u00ed garantizar el riego, \u201cporque ustedes saben el parque Las Auras es un pulm\u00f3n important\u00edsimo\u201d, recalc\u00f3 la edil.Adem\u00e1s, la direcci\u00f3n de Ecolog\u00eda se mudar\u00e1 al interior. \u201cVamos a construir oficinas grandes \u2026 Tenemos muchas cosa por hacer en el \u00e1rea que est\u00e1 al final del parque estamos proyectando un \u00e1rea para que la gente pueda venir con sus mascotas, a caminar y pues con reglamentos muy claros para todos preservar y conservar este parque tan bonito y tan nuestro\u201d, explic\u00f3.<\/p>\n","protected":false},"excerpt":{"rendered":"<p>10 de noviembre de 2025.- El municipio de Lerdo en coordinaci\u00f3n con el Gobierno del Estado, habr\u00e1n de llevar a cabo la remodelaci\u00f3n del Parque Las Auras, con una inversi\u00f3n en una primera etapa de 15 millones de pesos, anunci\u00f3 la alcaldesa Susy Torrecillas Salazar. Adem\u00e1s, se proyecta que una l\u00ednea de conducci\u00f3n de agua&#8230;<\/p>\n","protected":false},"author":1,"featured_media":4316,"comment_status":"open","ping_status":"open","sticky":false,"template":"","format":"standard","meta":{"footnotes":""},"categories":[3],"tags":[],"class_list":["post-4315","post","type-post","status-publish","format-standard","has-post-thumbnail","hentry","category-lerdo"],"_links":{"self":[{"href":"https:\/\/lagumex.mx\/index\/wp-json\/wp\/v2\/posts\/4315","targetHints":{"allow":["GET"]}}],"collection":[{"href":"https:\/\/lagumex.mx\/index\/wp-json\/wp\/v2\/posts"}],"about":[{"href":"https:\/\/lagumex.mx\/index\/wp-json\/wp\/v2\/types\/post"}],"author":[{"embeddable":true,"href":"https:\/\/lagumex.mx\/index\/wp-json\/wp\/v2\/users\/1"}],"replies":[{"embeddable":true,"href":"https:\/\/lagumex.mx\/index\/wp-json\/wp\/v2\/comments?post=4315"}],"version-history":[{"count":1,"href":"https:\/\/lagumex.mx\/index\/wp-json\/wp\/v2\/posts\/4315\/revisions"}],"predecessor-version":[{"id":4317,"href":"https:\/\/lagumex.mx\/index\/wp-json\/wp\/v2\/posts\/4315\/revisions\/4317"}],"wp:featuredmedia":[{"embeddable":true,"href":"https:\/\/lagumex.mx\/index\/wp-json\/wp\/v2\/media\/4316"}],"wp:attachment":[{"href":"https:\/\/lagumex.mx\/index\/wp-json\/wp\/v2\/media?parent=4315"}],"wp:term":[{"taxonomy":"category","embeddable":true,"href":"https:\/\/lagumex.mx\/index\/wp-json\/wp\/v2\/categories?post=4315"},{"taxonomy":"post_tag","embeddable":true,"href":"https:\/\/lagumex.mx\/index\/wp-json\/wp\/v2\/tags?post=4315"}],"curies":[{"name":"wp","href":"https:\/\/api.w.org\/{rel}","templated":true}]}}