{"id":4307,"date":"2025-11-10T02:41:00","date_gmt":"2025-11-10T02:41:00","guid":{"rendered":"https:\/\/lagumex.mx\/index\/?p=4307"},"modified":"2025-11-11T14:43:39","modified_gmt":"2025-11-11T14:43:39","slug":"propone-alejandro-mojica-fortalecer-el-derecho-a-la-vacunacion","status":"publish","type":"post","link":"https:\/\/lagumex.mx\/index\/uncategorized\/congreso-de-durango\/propone-alejandro-mojica-fortalecer-el-derecho-a-la-vacunacion\/","title":{"rendered":"Propone Alejandro Mojica fortalecer el derecho a la vacunaci\u00f3n"},"content":{"rendered":"\n<p>10 de noviembre de 2025.- Con el prop\u00f3sito de incluir la promoci\u00f3n de la vacunaci\u00f3n universal como medida preventiva fundamental y garantizar el acceso universal a las inmunizaciones como parte del Sistema Estatal de Salud, el diputado Alejandro Mojica Narv\u00e1ez present\u00f3 una iniciativa de reformas a la Ley de Salud del Estado.<\/p>\n\n\n\n<p>\u201cEl prop\u00f3sito es claro, crear un marco legal robusto, completo y sostenible que reconozca el derecho a la vacunaci\u00f3n como un derecho fundamental y una obligaci\u00f3n compartida del Estado, las instituciones educativas, los prestadores de servicios privados y la sociedad en su conjunto\u201d, explic\u00f3 el legislador al realizar la exposici\u00f3n de motivos.<\/p>\n\n\n\n<p>El coordinador del Grupo Parlamentario del PAN, detall\u00f3 que la iniciativa contempla seis ejes principales orientados a reconocer el derecho a la vacunaci\u00f3n como un derecho fundamental, garantizando que toda persona tenga acceso a las inmunizaciones de manera gratuita, oportuna y segura. Asimismo, se definen obligaciones claras para las autoridades e instituciones responsables de la salud p\u00fablica, con el fin de asegurar la aplicaci\u00f3n y el seguimiento adecuado de las vacunas.<\/p>\n\n\n\n<p>De igual manera, se plantea la creaci\u00f3n del Sistema Estatal de Vacunaci\u00f3n de Durango, con participaci\u00f3n de los sectores p\u00fablico, social y privado, que fungir\u00e1 como \u00f3rgano rector en la materia. Adem\u00e1s, se propone combatir la desinformaci\u00f3n en salud mediante el Programa Estatal Permanente contra la Desinformaci\u00f3n, con \u00e9nfasis en la vacunaci\u00f3n, para contrarrestar los mitos y la informaci\u00f3n falsa que ponen en riesgo la salud de las familias.<\/p>\n\n\n\n<p>El proyecto tambi\u00e9n incorpora mecanismos de rendici\u00f3n de cuentas y transparencia, obligando a las autoridades de salud a publicar indicadores de cobertura y aplicaci\u00f3n de vacunas, accesibles para la ciudadan\u00eda. Finalmente, se establecen sanciones para quienes incumplan las obligaciones legales en materia de inmunizaci\u00f3n, al considerar que la omisi\u00f3n en salud p\u00fablica tambi\u00e9n constituye una forma de violencia institucional.<\/p>\n\n\n\n<p>\u201cEsta no es una iniciativa de coyuntura, es una propuesta estructural. No basta con reaccionar ante emergencias; debemos construir instituciones que prevengan, protejan y act\u00faen antes de que las crisis lleguen\u201d, se\u00f1al\u00f3 Mojica Narv\u00e1ez.<\/p>\n\n\n\n<p>El diputado enfatiz\u00f3 que el Partido Acci\u00f3n Nacional cree en un Estado fuerte, moderno, responsable y transparente, que garantice derechos sin politizarlos, promueva la salud desde la prevenci\u00f3n y rinda cuentas con honestidad.<\/p>\n\n\n\n<p>\u201cLa vacunaci\u00f3n no es solo una pol\u00edtica sanitaria, es una expresi\u00f3n del derecho a la vida, a la igualdad y a la protecci\u00f3n de las generaciones futuras\u201d, concluy\u00f3.<\/p>\n","protected":false},"excerpt":{"rendered":"<p>10 de noviembre de 2025.- Con el prop\u00f3sito de incluir la promoci\u00f3n de la vacunaci\u00f3n universal como medida preventiva fundamental y garantizar el acceso universal a las inmunizaciones como parte del Sistema Estatal de Salud, el diputado Alejandro Mojica Narv\u00e1ez present\u00f3 una iniciativa de reformas a la Ley de Salud del Estado. \u201cEl prop\u00f3sito es&#8230;<\/p>\n","protected":false},"author":1,"featured_media":4308,"comment_status":"open","ping_status":"open","sticky":false,"template":"","format":"standard","meta":{"footnotes":""},"categories":[13],"tags":[],"class_list":["post-4307","post","type-post","status-publish","format-standard","has-post-thumbnail","hentry","category-congreso-de-durango"],"_links":{"self":[{"href":"https:\/\/lagumex.mx\/index\/wp-json\/wp\/v2\/posts\/4307","targetHints":{"allow":["GET"]}}],"collection":[{"href":"https:\/\/lagumex.mx\/index\/wp-json\/wp\/v2\/posts"}],"about":[{"href":"https:\/\/lagumex.mx\/index\/wp-json\/wp\/v2\/types\/post"}],"author":[{"embeddable":true,"href":"https:\/\/lagumex.mx\/index\/wp-json\/wp\/v2\/users\/1"}],"replies":[{"embeddable":true,"href":"https:\/\/lagumex.mx\/index\/wp-json\/wp\/v2\/comments?post=4307"}],"version-history":[{"count":1,"href":"https:\/\/lagumex.mx\/index\/wp-json\/wp\/v2\/posts\/4307\/revisions"}],"predecessor-version":[{"id":4309,"href":"https:\/\/lagumex.mx\/index\/wp-json\/wp\/v2\/posts\/4307\/revisions\/4309"}],"wp:featuredmedia":[{"embeddable":true,"href":"https:\/\/lagumex.mx\/index\/wp-json\/wp\/v2\/media\/4308"}],"wp:attachment":[{"href":"https:\/\/lagumex.mx\/index\/wp-json\/wp\/v2\/media?parent=4307"}],"wp:term":[{"taxonomy":"category","embeddable":true,"href":"https:\/\/lagumex.mx\/index\/wp-json\/wp\/v2\/categories?post=4307"},{"taxonomy":"post_tag","embeddable":true,"href":"https:\/\/lagumex.mx\/index\/wp-json\/wp\/v2\/tags?post=4307"}],"curies":[{"name":"wp","href":"https:\/\/api.w.org\/{rel}","templated":true}]}}